{"id":6242,"date":"2022-03-24T15:38:24","date_gmt":"2022-03-24T18:38:24","guid":{"rendered":"https:\/\/expressaoms.com.br\/?p=6242"},"modified":"2022-03-24T15:38:24","modified_gmt":"2022-03-24T18:38:24","slug":"investimentos-em-obras-de-esgoto-somam-mais-de-r-202-milhoes-em-nova-andradina","status":"publish","type":"post","link":"https:\/\/expressaoms.com.br\/index.php\/2022\/03\/24\/investimentos-em-obras-de-esgoto-somam-mais-de-r-202-milhoes-em-nova-andradina\/","title":{"rendered":"Investimentos em obras de esgoto somam mais de R$ 20,2 milh\u00f5es em Nova Andradina"},"content":{"rendered":"<p>A Sanesul (Empresa de Saneamento de Mato Grosso do Sul) cumpriu na tarde desta quarta-feira (23) mais uma etapa do cronograma de entrega de obras de saneamento b\u00e1sico, desta vez, na cidade de Nova Andradina.<\/p>\n<p><img fetchpriority=\"high\" decoding=\"async\" class=\"aligncenter size-full wp-image-6184\" src=\"https:\/\/expressaoms.com.br\/wp-content\/uploads\/2022\/03\/Site_Expressao_MS_Marco_Lilas_1170_x_150.gif\" alt=\"\" width=\"1170\" height=\"150\" \/><\/p>\n<p>Localizada na regi\u00e3o do Vale do Ivinhema, a cidade possui 46.86% da \u00e1rea de cobertura do esgotamento sanit\u00e1rio e, com as obras entregues e as que foram autorizadas, avan\u00e7a rumo \u00e0 universaliza\u00e7\u00e3o.<\/p>\n<p>O diretor-presidente da companhia, Walter Carneiro J\u00fanior, e o prefeito Gilberto Garcia, participaram do ato de entrega de obras e da assinatura da ordem de servi\u00e7o para o in\u00edcio de novos investimentos.<\/p>\n<p>O evento contou com a presen\u00e7a do deputado estadual Barbosinha e dos diretores da Sanesul Andr\u00e9 Luis Soukef Oliveira (Administra\u00e7\u00e3o e Finan\u00e7as) e Helianey Paulo da Silva (Engenharia e Meio Ambiente), entre outras autoridades p\u00fablicas e funcion\u00e1rios da unidade local da empresa de saneamento.<\/p>\n<p><img decoding=\"async\" class=\"aligncenter size-full wp-image-6047\" src=\"https:\/\/expressaoms.com.br\/wp-content\/uploads\/2022\/03\/728X90PX-1.gif\" alt=\"\" width=\"728\" height=\"90\" \/><\/p>\n<p>Incluindo as obras entregues e as contratadas, Nova Andradina ter\u00e1 R$ 20.223.989,99 em obras de amplia\u00e7\u00e3o do esgotamento sanit\u00e1rio, incluindo recursos pr\u00f3prios da Sanesul e de verbas federais da Funasa (Funda\u00e7\u00e3o Nacional de Sa\u00fade), com contrapartida da companhia que pertence ao Governo de Mato Grosso do Sul.<\/p>\n<p>Durante a cerim\u00f4nia, Walter Carneiro J\u00fanior entregou as obras de amplia\u00e7\u00e3o da ETE (Esta\u00e7\u00e3o de Tratamento de Esgoto), com capacidade em 40 litros por segundo, 14.857 metros de rede coletora de esgoto, 1.721 liga\u00e7\u00f5es domiciliares e 1.433 metros de emiss\u00e1rio (DN 300).<\/p>\n<p>Foram aplicados R$ 5.204.946,19 nessas obras, que v\u00e3o beneficiar os bairros Argemiro Ortega, Durval Andrade Filho, Ulisses Pinheiro, Centro e Vila Oper\u00e1ria, sendo R$ 4.413140,29, por meio de parceria institucional, e outros R$ 791.805,9 como contrapartida da empresa.<\/p>\n<p>Prefeito Gilberto Garcia, presidente da Sanesul, Walter Carneiro J\u00fanior, e os diretores da Companhia, Andr\u00e9 Spukef e Helianey Paulo da Silva<br \/>\nCom recursos pr\u00f3prios da Sanesul, no valor de R$ 2.964.043,71, o dirigente entregou as obras de execu\u00e7\u00e3o de 18.987 metros de rede coletora de esgoto e 2.134 liga\u00e7\u00f5es domiciliares como parte do programa \u2018Avan\u00e7ar Cidades\u2019.<\/p>\n<p>Ordem de servi\u00e7o<\/p>\n<p>Durante o ato, Walter Carneiro J\u00fanior assinou ordem de servi\u00e7o no valor de R$ 12,055 milh\u00f5es para execu\u00e7\u00e3o de 33.750 metros de rede coletora de esgoto, 3.330 liga\u00e7\u00f5es domiciliares, tamb\u00e9m por meio do \u2018Avan\u00e7ar Cidades\u2019.<\/p>\n<p>Em sua fala, Walter Carneiro J\u00fanior voltou a ressaltar a incumb\u00eancia que recebeu do governador Reinaldo Azambuja e do secret\u00e1rio de Infraestrutura, Eduardo Riedel, de entregar todas as obras contratadas nos 68 munic\u00edpios que a Sanesul atende visando o cumprimento da meta de universalizar o sistema de esgotamento sanit\u00e1rio em Mato Grosso do Sul.<\/p>\n<p>O prefeito Gilberto Garcia falou da import\u00e2ncia dos investimentos do governo e agradeceu ao governador Reinaldo Azambuja e a Sanesul pelas obras de saneamento na cidade em favor de melhor qualidade de vida para a popula\u00e7\u00e3o.<\/p>\n<p>O prefeito recebeu das m\u00e3os do diretor-presidente da empresa o trof\u00e9u \u201cRota do Saneamento\u2019, conferido aos gestores municipais parceiros da Sanesul e do governo do Estado.<\/p>\n","protected":false},"excerpt":{"rendered":"<p>A Sanesul (Empresa de Saneamento de Mato Grosso do Sul) cumpriu na tarde desta quarta-feira (23) mais uma etapa do cronograma de entrega de obras de saneamento b\u00e1sico, desta vez, na cidade de Nova Andradina. Localizada na regi\u00e3o do Vale do Ivinhema, a cidade possui 46.86% da \u00e1rea de cobertura do esgotamento sanit\u00e1rio e, com [&hellip;]<\/p>\n","protected":false},"author":2,"featured_media":6243,"comment_status":"open","ping_status":"open","sticky":false,"template":"","format":"standard","meta":{"om_disable_all_campaigns":false,"_monsterinsights_skip_tracking":false,"_monsterinsights_sitenote_active":false,"_monsterinsights_sitenote_note":"","_monsterinsights_sitenote_category":0,"footnotes":""},"categories":[193],"tags":[],"aioseo_notices":[],"_links":{"self":[{"href":"https:\/\/expressaoms.com.br\/index.php\/wp-json\/wp\/v2\/posts\/6242"}],"collection":[{"href":"https:\/\/expressaoms.com.br\/index.php\/wp-json\/wp\/v2\/posts"}],"about":[{"href":"https:\/\/expressaoms.com.br\/index.php\/wp-json\/wp\/v2\/types\/post"}],"author":[{"embeddable":true,"href":"https:\/\/expressaoms.com.br\/index.php\/wp-json\/wp\/v2\/users\/2"}],"replies":[{"embeddable":true,"href":"https:\/\/expressaoms.com.br\/index.php\/wp-json\/wp\/v2\/comments?post=6242"}],"version-history":[{"count":2,"href":"https:\/\/expressaoms.com.br\/index.php\/wp-json\/wp\/v2\/posts\/6242\/revisions"}],"predecessor-version":[{"id":6245,"href":"https:\/\/expressaoms.com.br\/index.php\/wp-json\/wp\/v2\/posts\/6242\/revisions\/6245"}],"wp:featuredmedia":[{"embeddable":true,"href":"https:\/\/expressaoms.com.br\/index.php\/wp-json\/wp\/v2\/media\/6243"}],"wp:attachment":[{"href":"https:\/\/expressaoms.com.br\/index.php\/wp-json\/wp\/v2\/media?parent=6242"}],"wp:term":[{"taxonomy":"category","embeddable":true,"href":"https:\/\/expressaoms.com.br\/index.php\/wp-json\/wp\/v2\/categories?post=6242"},{"taxonomy":"post_tag","embeddable":true,"href":"https:\/\/expressaoms.com.br\/index.php\/wp-json\/wp\/v2\/tags?post=6242"}],"curies":[{"name":"wp","href":"https:\/\/api.w.org\/{rel}","templated":true}]}}