{"id":6250,"date":"2022-03-24T15:41:07","date_gmt":"2022-03-24T18:41:07","guid":{"rendered":"https:\/\/expressaoms.com.br\/?p=6250"},"modified":"2022-03-24T15:41:07","modified_gmt":"2022-03-24T18:41:07","slug":"com-20-de-desconto-no-pagamento-a-vista-taxa-de-funcionamento-de-estabelecimentos-vence-no-proximo-dia-30","status":"publish","type":"post","link":"https:\/\/expressaoms.com.br\/index.php\/2022\/03\/24\/com-20-de-desconto-no-pagamento-a-vista-taxa-de-funcionamento-de-estabelecimentos-vence-no-proximo-dia-30\/","title":{"rendered":"Com 20% de desconto no pagamento \u00e0 vista, Taxa de Funcionamento de estabelecimentos vence no pr\u00f3ximo dia 30"},"content":{"rendered":"<div class=\"itemBody kl-blog-post-body kl-blog-cols-1\" data-raofz=\"16\">\n<p data-raofz=\"16\">A Prefeitura de Tr\u00eas Lagoas, por meio do Departamento de Tributa\u00e7\u00e3o da Secretaria Municipal de Finan\u00e7as, Receita e Controle (SEFIRC), comunica que o vencimento da Taxa de Funcionamento dos estabelecimentos comerciais (antigo Alvar\u00e1) vence no dia 30 de mar\u00e7o.<\/p>\n<p data-raofz=\"16\"><img fetchpriority=\"high\" decoding=\"async\" class=\"aligncenter size-full wp-image-6184\" src=\"https:\/\/expressaoms.com.br\/wp-content\/uploads\/2022\/03\/Site_Expressao_MS_Marco_Lilas_1170_x_150.gif\" alt=\"\" width=\"1170\" height=\"150\" \/><\/p>\n<p data-raofz=\"16\">Beneficiando os comerciantes e empreendedores do Munic\u00edpio, a Administra\u00e7\u00e3o Municipal incluiu o tributo no Programa Fortalece TL, que oferece descontos e facilidades para a quita\u00e7\u00e3o dessa taxa.<\/p>\n<p data-raofz=\"16\">De acordo com a Lei n\u00ba 3.841, o contribuinte ter\u00e1 desconto de 20% no pagamento \u00e0 vista da Taxa de Funcionamento. Para retirar a guia, o cidad\u00e3o pode ir \u00e0 Diretoria de Tributa\u00e7\u00e3o, localizada na Avenida Ros\u00e1rio Congro, 285 \u2013 Centro ou no Setor de Fiscaliza\u00e7\u00e3o, na Rua Jo\u00e3o silva, 939 \u2013 bairro Lapa. O documento tamb\u00e9m est\u00e1 dispon\u00edvel no site da Prefeitura e pode ser acessado\u00a0<a role=\"link\" href=\"http:\/\/www.treslagoas.ms.gov.br\/servico\/alvaradigital\/\" data-raofz=\"16\">CLICANDO NESTE LINK.<\/a><\/p>\n<p data-raofz=\"16\"><img decoding=\"async\" class=\"aligncenter size-full wp-image-6047\" src=\"https:\/\/expressaoms.com.br\/wp-content\/uploads\/2022\/03\/728X90PX-1.gif\" alt=\"\" width=\"728\" height=\"90\" \/><\/p>\n<\/div>\n<div class=\"clearfix\" data-raofz=\"14\"><\/div>\n<div class=\"row blog-sg-footer\" data-raofz=\"14\">\n<div class=\"col-sm-6\" data-raofz=\"14\">\n<div class=\"blog-item-share\" data-raofz=\"14\">\n<div class=\"zn-shareIcons\" data-share-title=\"SHARE:\" data-raofz=\"14\"><\/div>\n<\/div>\n<\/div>\n<\/div>\n","protected":false},"excerpt":{"rendered":"<p>A Prefeitura de Tr\u00eas Lagoas, por meio do Departamento de Tributa\u00e7\u00e3o da Secretaria Municipal de Finan\u00e7as, Receita e Controle (SEFIRC), comunica que o vencimento da Taxa de Funcionamento dos estabelecimentos comerciais (antigo Alvar\u00e1) vence no dia 30 de mar\u00e7o. Beneficiando os comerciantes e empreendedores do Munic\u00edpio, a Administra\u00e7\u00e3o Municipal incluiu o tributo no Programa Fortalece [&hellip;]<\/p>\n","protected":false},"author":2,"featured_media":6251,"comment_status":"open","ping_status":"open","sticky":false,"template":"","format":"standard","meta":{"om_disable_all_campaigns":false,"_monsterinsights_skip_tracking":false,"_monsterinsights_sitenote_active":false,"_monsterinsights_sitenote_note":"","_monsterinsights_sitenote_category":0,"footnotes":""},"categories":[31,48],"tags":[],"aioseo_notices":[],"_links":{"self":[{"href":"https:\/\/expressaoms.com.br\/index.php\/wp-json\/wp\/v2\/posts\/6250"}],"collection":[{"href":"https:\/\/expressaoms.com.br\/index.php\/wp-json\/wp\/v2\/posts"}],"about":[{"href":"https:\/\/expressaoms.com.br\/index.php\/wp-json\/wp\/v2\/types\/post"}],"author":[{"embeddable":true,"href":"https:\/\/expressaoms.com.br\/index.php\/wp-json\/wp\/v2\/users\/2"}],"replies":[{"embeddable":true,"href":"https:\/\/expressaoms.com.br\/index.php\/wp-json\/wp\/v2\/comments?post=6250"}],"version-history":[{"count":2,"href":"https:\/\/expressaoms.com.br\/index.php\/wp-json\/wp\/v2\/posts\/6250\/revisions"}],"predecessor-version":[{"id":6253,"href":"https:\/\/expressaoms.com.br\/index.php\/wp-json\/wp\/v2\/posts\/6250\/revisions\/6253"}],"wp:featuredmedia":[{"embeddable":true,"href":"https:\/\/expressaoms.com.br\/index.php\/wp-json\/wp\/v2\/media\/6251"}],"wp:attachment":[{"href":"https:\/\/expressaoms.com.br\/index.php\/wp-json\/wp\/v2\/media?parent=6250"}],"wp:term":[{"taxonomy":"category","embeddable":true,"href":"https:\/\/expressaoms.com.br\/index.php\/wp-json\/wp\/v2\/categories?post=6250"},{"taxonomy":"post_tag","embeddable":true,"href":"https:\/\/expressaoms.com.br\/index.php\/wp-json\/wp\/v2\/tags?post=6250"}],"curies":[{"name":"wp","href":"https:\/\/api.w.org\/{rel}","templated":true}]}}