{"id":6254,"date":"2022-03-24T15:57:10","date_gmt":"2022-03-24T18:57:10","guid":{"rendered":"https:\/\/expressaoms.com.br\/?p=6254"},"modified":"2022-03-24T15:57:10","modified_gmt":"2022-03-24T18:57:10","slug":"sebrae-divulga-pesquisa-de-intencao-de-consumo-para-pascoa","status":"publish","type":"post","link":"https:\/\/expressaoms.com.br\/index.php\/2022\/03\/24\/sebrae-divulga-pesquisa-de-intencao-de-consumo-para-pascoa\/","title":{"rendered":"Sebrae divulga pesquisa de inten\u00e7\u00e3o de consumo para P\u00e1scoa"},"content":{"rendered":"<p>Pesquisa de inten\u00e7\u00e3o de consumo para a P\u00e1scoa mostra que a data ir\u00e1 movimentar R$218,65 milh\u00f5es em Mato Grosso do Sul, um montante menor em compara\u00e7\u00e3o ao ano passado. O estudo foi divulgado nesta ter\u00e7a-feira (22), pelo Sebrae\/MS, em parceria com o Instituto de Pesquisa e Desenvolvimento da Fecom\u00e9rcio MS (IPF MS), Sindicom e Sindivarejo MS.<\/p>\n<p>Do valor total da movimenta\u00e7\u00e3o financeira, mais da metade (54,1%) dos entrevistados planejam presentear algu\u00e9m \u2013 em sua maioria, os filhos (51,3%). J\u00e1 o restante (43,2%) ser\u00e1 gasto com comemora\u00e7\u00f5es. Segundo a analista t\u00e9cnica do Sebrae\/MS, Vanessa Schmidt, o momento \u00e9 de cautela, para que o empres\u00e1rio possa aproveitar a data.<\/p>\n<p>&#8220;Para esse ano, percebemos uma inten\u00e7\u00e3o de queda de movimenta\u00e7\u00e3o financeira das inten\u00e7\u00f5es de consumo da P\u00e1scoa, ent\u00e3o \u00e9 importante que o empres\u00e1rio esteja atento na hora de fazer suas decis\u00f5es de compra e se prepare para a data com cautela, para que seja um momento lucros e n\u00e3o de preju\u00edzos&#8221;, explicou.<\/p>\n<p>Dentre as prefer\u00eancias de presentes, o ovo de P\u00e1scoa, se mostrou dominante, com 53% de inten\u00e7\u00f5es de compra. Caixas de bombons tamb\u00e9m se mostraram como op\u00e7\u00e3o vi\u00e1vel para o feriado, com 18% de predile\u00e7\u00e3o. Quanto ao momento da compra, a grande maioria das pessoas (85,3%) prefere comprar seus presentes presencialmente e de uma loja f\u00edsica, com o maior atrativo sendo o desconto no pagamento \u00e0 vista (77,9%). Al\u00e9m disso, 45,7% declararam que pretendem comprar mais que tr\u00eas presentes de P\u00e1scoa, com um gasto m\u00e9dio de R$128,85.<\/p>\n<p>&#8220;\u00c9 importante que o empres\u00e1rio esteja atento aos fatores que mais contam na defini\u00e7\u00e3o de compra. Quase 80% querem desconto para pagamento \u00e0 vista e o segundo fator mais importante \u00e9 o atendimento, citado por 32,38% e, em terceiro, a variedade, apontada por outros 23,72%&#8221;, explica a economista do IPF, Regiane Ded\u00e9 de Oliveira.<\/p>\n<p>Comemorar a P\u00e1scoa \u00e9 uma op\u00e7\u00e3o para 43,2% dos participantes da pesquisa, sendo que desses, quase 80% planejam comprar ingredientes para preparar sua refei\u00e7\u00e3o e passar o dia reunidos com familiares ou amigos \u2013 com um gasto de, em m\u00e9dia, R$183,12. Apenas 14,7% n\u00e3o consumir\u00e3o peixe, e para quem consumir\u00e1, o preferido para a data \u00e9 o pintado (19,1%).<\/p>\n<p>Dentre as orienta\u00e7\u00f5es do Sebrae para os empres\u00e1rios, Vanessa Schmidt recomenda focar em pagamento \u00e0 vista e realiza\u00e7\u00e3o de encomendas antecipadas. &#8220;O empres\u00e1rio deve focar em descontos para o pagamento \u00e0 vista, j\u00e1 que esse vai ser o principal crit\u00e9rio para tomada de decis\u00e3o de compra do consumidor. Outra dica \u00e9 trabalhar com encomendas antecipadas, para que a empresa possa se programar na compra dos insumos&#8221;, disse.<\/p>\n<p>Para a realiza\u00e7\u00e3o do estudo, foram aplicados 1.686 question\u00e1rios sobre perfil, comportamento e gastos, com 95% de confian\u00e7a. A pesquisa na \u00edntegra pode ser acessada pelo\u00a0<a href=\"https:\/\/seblink.sebrae.ms\/cl\/PM9UK\/IGc\/f988\/O_NAAPATfgE\/BNpD\/FqHjSIO2H4H\/1\/\" target=\"_blank\" rel=\"noopener noreferrer\">Data Sebrae MS<\/a>.<\/p>\n","protected":false},"excerpt":{"rendered":"<p>Pesquisa de inten\u00e7\u00e3o de consumo para a P\u00e1scoa mostra que a data ir\u00e1 movimentar R$218,65 milh\u00f5es em Mato Grosso do Sul, um montante menor em compara\u00e7\u00e3o ao ano passado. O estudo foi divulgado nesta ter\u00e7a-feira (22), pelo Sebrae\/MS, em parceria com o Instituto de Pesquisa e Desenvolvimento da Fecom\u00e9rcio MS (IPF MS), Sindicom e Sindivarejo [&hellip;]<\/p>\n","protected":false},"author":3,"featured_media":6255,"comment_status":"open","ping_status":"open","sticky":false,"template":"","format":"standard","meta":{"om_disable_all_campaigns":false,"_monsterinsights_skip_tracking":false,"_monsterinsights_sitenote_active":false,"_monsterinsights_sitenote_note":"","_monsterinsights_sitenote_category":0,"footnotes":""},"categories":[31],"tags":[],"aioseo_notices":[],"_links":{"self":[{"href":"https:\/\/expressaoms.com.br\/index.php\/wp-json\/wp\/v2\/posts\/6254"}],"collection":[{"href":"https:\/\/expressaoms.com.br\/index.php\/wp-json\/wp\/v2\/posts"}],"about":[{"href":"https:\/\/expressaoms.com.br\/index.php\/wp-json\/wp\/v2\/types\/post"}],"author":[{"embeddable":true,"href":"https:\/\/expressaoms.com.br\/index.php\/wp-json\/wp\/v2\/users\/3"}],"replies":[{"embeddable":true,"href":"https:\/\/expressaoms.com.br\/index.php\/wp-json\/wp\/v2\/comments?post=6254"}],"version-history":[{"count":1,"href":"https:\/\/expressaoms.com.br\/index.php\/wp-json\/wp\/v2\/posts\/6254\/revisions"}],"predecessor-version":[{"id":6256,"href":"https:\/\/expressaoms.com.br\/index.php\/wp-json\/wp\/v2\/posts\/6254\/revisions\/6256"}],"wp:featuredmedia":[{"embeddable":true,"href":"https:\/\/expressaoms.com.br\/index.php\/wp-json\/wp\/v2\/media\/6255"}],"wp:attachment":[{"href":"https:\/\/expressaoms.com.br\/index.php\/wp-json\/wp\/v2\/media?parent=6254"}],"wp:term":[{"taxonomy":"category","embeddable":true,"href":"https:\/\/expressaoms.com.br\/index.php\/wp-json\/wp\/v2\/categories?post=6254"},{"taxonomy":"post_tag","embeddable":true,"href":"https:\/\/expressaoms.com.br\/index.php\/wp-json\/wp\/v2\/tags?post=6254"}],"curies":[{"name":"wp","href":"https:\/\/api.w.org\/{rel}","templated":true}]}}