{"id":6257,"date":"2022-03-24T16:55:29","date_gmt":"2022-03-24T19:55:29","guid":{"rendered":"https:\/\/expressaoms.com.br\/?p=6257"},"modified":"2022-03-24T16:57:49","modified_gmt":"2022-03-24T19:57:49","slug":"prefeita-gerolina-oficia-area-do-aerodromo-em-agua-clara","status":"publish","type":"post","link":"https:\/\/expressaoms.com.br\/index.php\/2022\/03\/24\/prefeita-gerolina-oficia-area-do-aerodromo-em-agua-clara\/","title":{"rendered":"Prefeita Gerolina oficializa \u00e1rea do Aer\u00f3dromo em \u00c1gua Clara"},"content":{"rendered":"<p>O dia 23 de mar\u00e7o de 2022 ficou marcado para a hist\u00f3ria de \u00c1gua Clara. Em ato de assinatura para desapropria\u00e7\u00e3o amig\u00e1vel, a Prefeita Gerolina Alves anunciou a \u00e1rea destinada para constru\u00e7\u00e3o do Aer\u00f3dromo. O recurso para a desapropria\u00e7\u00e3o \u00e9 proveniente do conv\u00eanio firmado entre a Prefeitura de \u00c1gua Clara e o Governo do Estado.<\/p>\n<p>A Prefeita assinou oficialmente, no Cart\u00f3rio de Notas e Protestos da cidade, a escritura relativa \u00e0 desapropria\u00e7\u00e3o por utilidade p\u00fablica do im\u00f3vel destinado \u00e0 constru\u00e7\u00e3o do Aer\u00f3dromo.<\/p>\n<p>\u201cEstamos felizes por mais essa conquista. Nossa cidade merece desenvolvimento, a constru\u00e7\u00e3o do Aer\u00f3dromo \u00e9 o progresso chegando no munic\u00edpio. Agrade\u00e7o o apoio do secret\u00e1rio de infraestrutura do Estado Eduardo Riedel pelo empenho nesta importante conquista, junto ao governador Reinaldo Azambuja\u201d, destacou a Prefeita.<\/p>\n<p><strong>Conv\u00eanio<\/strong><\/p>\n<p>Em janeiro deste ano o Munic\u00edpio de \u00c1gua Clara firmou o Termo de Conv\u00eanio n\u00ba 001\/2021 \u2013 SGI\/COVEN n\u00ba 31.230 com o Governo do Estado de Mato Grosso do Sul, atrav\u00e9s da Secretaria de Estado de Infraestrutura. O objetivo do Conv\u00eanio \u00e9 garantir a efetiva\u00e7\u00e3o do repasse de recursos ao munic\u00edpio para aquisi\u00e7\u00e3o de \u00e1rea onde ser\u00e1 implantado o Aer\u00f3dromo Municipal. O investimento total ser\u00e1 de R$ 2.780.800,00 sendo R$ 260.800,00 de contrapartida do Munic\u00edpio e R$ 2.520.000,00 de repasse do Governo do Estado.<\/p>\n<p>A desapropria\u00e7\u00e3o por utilidade p\u00fablica do im\u00f3vel destinado \u00e0 constru\u00e7\u00e3o de Aer\u00f3dromo \u00e9 realizada conforme o Decreto n\u00ba 131, de 04 de mar\u00e7o de 2022 e da Lei n\u00ba 1.209 de 07 de mar\u00e7o de 2022.<\/p>\n","protected":false},"excerpt":{"rendered":"<p>O dia 23 de mar\u00e7o de 2022 ficou marcado para a hist\u00f3ria de \u00c1gua Clara. Em ato de assinatura para desapropria\u00e7\u00e3o amig\u00e1vel, a Prefeita Gerolina Alves anunciou a \u00e1rea destinada para constru\u00e7\u00e3o do Aer\u00f3dromo. O recurso para a desapropria\u00e7\u00e3o \u00e9 proveniente do conv\u00eanio firmado entre a Prefeitura de \u00c1gua Clara e o Governo do Estado. [&hellip;]<\/p>\n","protected":false},"author":3,"featured_media":6258,"comment_status":"open","ping_status":"open","sticky":false,"template":"","format":"standard","meta":{"om_disable_all_campaigns":false,"_monsterinsights_skip_tracking":false,"_monsterinsights_sitenote_active":false,"_monsterinsights_sitenote_note":"","_monsterinsights_sitenote_category":0,"footnotes":""},"categories":[189,42],"tags":[],"aioseo_notices":[],"_links":{"self":[{"href":"https:\/\/expressaoms.com.br\/index.php\/wp-json\/wp\/v2\/posts\/6257"}],"collection":[{"href":"https:\/\/expressaoms.com.br\/index.php\/wp-json\/wp\/v2\/posts"}],"about":[{"href":"https:\/\/expressaoms.com.br\/index.php\/wp-json\/wp\/v2\/types\/post"}],"author":[{"embeddable":true,"href":"https:\/\/expressaoms.com.br\/index.php\/wp-json\/wp\/v2\/users\/3"}],"replies":[{"embeddable":true,"href":"https:\/\/expressaoms.com.br\/index.php\/wp-json\/wp\/v2\/comments?post=6257"}],"version-history":[{"count":1,"href":"https:\/\/expressaoms.com.br\/index.php\/wp-json\/wp\/v2\/posts\/6257\/revisions"}],"predecessor-version":[{"id":6259,"href":"https:\/\/expressaoms.com.br\/index.php\/wp-json\/wp\/v2\/posts\/6257\/revisions\/6259"}],"wp:featuredmedia":[{"embeddable":true,"href":"https:\/\/expressaoms.com.br\/index.php\/wp-json\/wp\/v2\/media\/6258"}],"wp:attachment":[{"href":"https:\/\/expressaoms.com.br\/index.php\/wp-json\/wp\/v2\/media?parent=6257"}],"wp:term":[{"taxonomy":"category","embeddable":true,"href":"https:\/\/expressaoms.com.br\/index.php\/wp-json\/wp\/v2\/categories?post=6257"},{"taxonomy":"post_tag","embeddable":true,"href":"https:\/\/expressaoms.com.br\/index.php\/wp-json\/wp\/v2\/tags?post=6257"}],"curies":[{"name":"wp","href":"https:\/\/api.w.org\/{rel}","templated":true}]}}