{"id":6260,"date":"2022-03-24T17:01:05","date_gmt":"2022-03-24T20:01:05","guid":{"rendered":"https:\/\/expressaoms.com.br\/?p=6260"},"modified":"2022-03-24T17:01:05","modified_gmt":"2022-03-24T20:01:05","slug":"brasilandia-funasa-realiza-vistoria-para-futuras-melhorias-n-abastecimento-dos-assentamentos-santana-santa-emilia","status":"publish","type":"post","link":"https:\/\/expressaoms.com.br\/index.php\/2022\/03\/24\/brasilandia-funasa-realiza-vistoria-para-futuras-melhorias-n-abastecimento-dos-assentamentos-santana-santa-emilia\/","title":{"rendered":"Brasil\u00e2ndia: Funasa realiza vistoria para futuras melhorias n abastecimento dos assentamentos Santana, Santa Em\u00edlia"},"content":{"rendered":"<p>Moradores dos assentamentos Santana, Santa Em\u00edlia e Pedra Bonita ter\u00e3o em breve melhorias na infraestrutura de suas propriedades.<\/p>\n<p><img fetchpriority=\"high\" decoding=\"async\" class=\"aligncenter size-full wp-image-6184\" src=\"https:\/\/expressaoms.com.br\/wp-content\/uploads\/2022\/03\/Site_Expressao_MS_Marco_Lilas_1170_x_150.gif\" alt=\"\" width=\"1170\" height=\"150\" \/><br \/>\nA Prefeitura de Brasil\u00e2ndia por meio da Secretaria Municipal de Obras realizar\u00e1 em breve, a celebra\u00e7\u00e3o de um conv\u00eanio com o Governo Federal, para melhorar o abastecimento de \u00e1gua nos assentamentos citados.<\/p>\n<p>O secret\u00e1rio da pasta, Fagner Sanches e o secret\u00e1rio municipal de Desenvolvimento Econ\u00f4mico, Jorge Madeira, acompanharam na \u00faltima quarta-feira (23), o engenheiro civil da Funda\u00e7\u00e3o Nacional da Sa\u00fade, M\u00e1rio M\u00e1rcio, para a vistoria dos locais que v\u00e3o receber essas melhorias.<\/p>\n<p><img decoding=\"async\" class=\"aligncenter size-full wp-image-6047\" src=\"https:\/\/expressaoms.com.br\/wp-content\/uploads\/2022\/03\/728X90PX-1.gif\" alt=\"\" width=\"728\" height=\"90\" \/><br \/>\nO recurso do Governo Federal \u00e9 fruto de uma emenda parlamentar da ent\u00e3o deputada federal Tereza Cristina e que atualmente est\u00e1 como Ministra da Agricultura, Pecu\u00e1ria e Abastecimento do Brasil.<\/p>\n","protected":false},"excerpt":{"rendered":"<p>Moradores dos assentamentos Santana, Santa Em\u00edlia e Pedra Bonita ter\u00e3o em breve melhorias na infraestrutura de suas propriedades. A Prefeitura de Brasil\u00e2ndia por meio da Secretaria Municipal de Obras realizar\u00e1 em breve, a celebra\u00e7\u00e3o de um conv\u00eanio com o Governo Federal, para melhorar o abastecimento de \u00e1gua nos assentamentos citados. O secret\u00e1rio da pasta, Fagner [&hellip;]<\/p>\n","protected":false},"author":2,"featured_media":6261,"comment_status":"open","ping_status":"open","sticky":false,"template":"","format":"standard","meta":{"om_disable_all_campaigns":false,"_monsterinsights_skip_tracking":false,"_monsterinsights_sitenote_active":false,"_monsterinsights_sitenote_note":"","_monsterinsights_sitenote_category":0,"footnotes":""},"categories":[26,193],"tags":[],"aioseo_notices":[],"_links":{"self":[{"href":"https:\/\/expressaoms.com.br\/index.php\/wp-json\/wp\/v2\/posts\/6260"}],"collection":[{"href":"https:\/\/expressaoms.com.br\/index.php\/wp-json\/wp\/v2\/posts"}],"about":[{"href":"https:\/\/expressaoms.com.br\/index.php\/wp-json\/wp\/v2\/types\/post"}],"author":[{"embeddable":true,"href":"https:\/\/expressaoms.com.br\/index.php\/wp-json\/wp\/v2\/users\/2"}],"replies":[{"embeddable":true,"href":"https:\/\/expressaoms.com.br\/index.php\/wp-json\/wp\/v2\/comments?post=6260"}],"version-history":[{"count":1,"href":"https:\/\/expressaoms.com.br\/index.php\/wp-json\/wp\/v2\/posts\/6260\/revisions"}],"predecessor-version":[{"id":6262,"href":"https:\/\/expressaoms.com.br\/index.php\/wp-json\/wp\/v2\/posts\/6260\/revisions\/6262"}],"wp:featuredmedia":[{"embeddable":true,"href":"https:\/\/expressaoms.com.br\/index.php\/wp-json\/wp\/v2\/media\/6261"}],"wp:attachment":[{"href":"https:\/\/expressaoms.com.br\/index.php\/wp-json\/wp\/v2\/media?parent=6260"}],"wp:term":[{"taxonomy":"category","embeddable":true,"href":"https:\/\/expressaoms.com.br\/index.php\/wp-json\/wp\/v2\/categories?post=6260"},{"taxonomy":"post_tag","embeddable":true,"href":"https:\/\/expressaoms.com.br\/index.php\/wp-json\/wp\/v2\/tags?post=6260"}],"curies":[{"name":"wp","href":"https:\/\/api.w.org\/{rel}","templated":true}]}}