{"id":6345,"date":"2022-03-26T17:14:10","date_gmt":"2022-03-26T20:14:10","guid":{"rendered":"https:\/\/expressaoms.com.br\/?p=6345"},"modified":"2022-03-26T17:14:10","modified_gmt":"2022-03-26T20:14:10","slug":"prefeita-gerolina-entrega-uma-uti-movel-0km-para-saude-de-agua-clara","status":"publish","type":"post","link":"https:\/\/expressaoms.com.br\/index.php\/2022\/03\/26\/prefeita-gerolina-entrega-uma-uti-movel-0km-para-saude-de-agua-clara\/","title":{"rendered":"Prefeita Gerolina entrega uma UTI M\u00f3vel 0km para Sa\u00fade de \u00c1gua Clara"},"content":{"rendered":"<p>Na manh\u00e3 deste s\u00e1bado (26), a Prefeita Gerolina Alves fez a entrega de uma UTI M\u00f3vel 0Km adquirida com recursos pr\u00f3prios da prefeitura. Acompanhada do presidente da C\u00e2mara Municipal Saylon Cristiano, Vereador Elizeu Pereira, a secret\u00e1ria de Sa\u00fade Roze Ign\u00e1cia, secret\u00e1ria de finan\u00e7as Denise M\u00e9dis, Secret\u00e1ria de Educa\u00e7\u00e3o Adriana Fini, secret\u00e1rio de Infraestrutura &#8220;Creca&#8221;, o Diretor do Hospital municipal Rosalino Honorato, Diretor Cl\u00ednico Ludovico O. Janesch, e equipe da sa\u00fade, ela tamb\u00e9m vistoriou a reforma que est\u00e1 sendo feita no hospital municipal.<\/p>\n<p><strong>UTI M\u00f3vel<\/strong><\/p>\n<p>A UTI M\u00f3vel 0Km foi adquirida com recursos pr\u00f3prios do munic\u00edpio, no valor de 334.900,00 reais. O ve\u00edculo ir\u00e1 auxiliar a demanda de atendimentos e proporcionar mais seguran\u00e7a aos pacientes, uma vez que o autom\u00f3vel vem com todos equipamentos necess\u00e1rios para urg\u00eancia e emerg\u00eancia.<\/p>\n<p>&#8220;Mais uma conquista para o munic\u00edpio. Estamos trabalhando para dar dignidade para nossa popula\u00e7\u00e3o. Recebemos uma frota muito defasada no in\u00edcio da gest\u00e3o, mas estamos mudando este cen\u00e1rio, e tamb\u00e9m trazendo in\u00fameras melhorias para sa\u00fade do munic\u00edpio. Al\u00e9m de uma nova UTI M\u00d3VEL, estamos reformando o hospital municipal Nossa Senhora Ap, e em busca de um novo. Vale ressaltar que tamb\u00e9m estamos trabalhando para trazer novos m\u00e9dicos para atender nossa popula\u00e7\u00e3o. Nossa luta \u00e9 di\u00e1ria, mas com f\u00e9 em Deus iremos colocar nossa cidade no trilho do desenvolvimento&#8221;, disse a prefeita no ato da entrega do ve\u00edculo.<\/p>\n","protected":false},"excerpt":{"rendered":"<p>Na manh\u00e3 deste s\u00e1bado (26), a Prefeita Gerolina Alves fez a entrega de uma UTI M\u00f3vel 0Km adquirida com recursos pr\u00f3prios da prefeitura. Acompanhada do presidente da C\u00e2mara Municipal Saylon Cristiano, Vereador Elizeu Pereira, a secret\u00e1ria de Sa\u00fade Roze Ign\u00e1cia, secret\u00e1ria de finan\u00e7as Denise M\u00e9dis, Secret\u00e1ria de Educa\u00e7\u00e3o Adriana Fini, secret\u00e1rio de Infraestrutura &#8220;Creca&#8221;, o [&hellip;]<\/p>\n","protected":false},"author":3,"featured_media":6346,"comment_status":"open","ping_status":"open","sticky":false,"template":"","format":"standard","meta":{"om_disable_all_campaigns":false,"_monsterinsights_skip_tracking":false,"_monsterinsights_sitenote_active":false,"_monsterinsights_sitenote_note":"","_monsterinsights_sitenote_category":0,"footnotes":""},"categories":[189,193,44],"tags":[],"aioseo_notices":[],"_links":{"self":[{"href":"https:\/\/expressaoms.com.br\/index.php\/wp-json\/wp\/v2\/posts\/6345"}],"collection":[{"href":"https:\/\/expressaoms.com.br\/index.php\/wp-json\/wp\/v2\/posts"}],"about":[{"href":"https:\/\/expressaoms.com.br\/index.php\/wp-json\/wp\/v2\/types\/post"}],"author":[{"embeddable":true,"href":"https:\/\/expressaoms.com.br\/index.php\/wp-json\/wp\/v2\/users\/3"}],"replies":[{"embeddable":true,"href":"https:\/\/expressaoms.com.br\/index.php\/wp-json\/wp\/v2\/comments?post=6345"}],"version-history":[{"count":1,"href":"https:\/\/expressaoms.com.br\/index.php\/wp-json\/wp\/v2\/posts\/6345\/revisions"}],"predecessor-version":[{"id":6347,"href":"https:\/\/expressaoms.com.br\/index.php\/wp-json\/wp\/v2\/posts\/6345\/revisions\/6347"}],"wp:featuredmedia":[{"embeddable":true,"href":"https:\/\/expressaoms.com.br\/index.php\/wp-json\/wp\/v2\/media\/6346"}],"wp:attachment":[{"href":"https:\/\/expressaoms.com.br\/index.php\/wp-json\/wp\/v2\/media?parent=6345"}],"wp:term":[{"taxonomy":"category","embeddable":true,"href":"https:\/\/expressaoms.com.br\/index.php\/wp-json\/wp\/v2\/categories?post=6345"},{"taxonomy":"post_tag","embeddable":true,"href":"https:\/\/expressaoms.com.br\/index.php\/wp-json\/wp\/v2\/tags?post=6345"}],"curies":[{"name":"wp","href":"https:\/\/api.w.org\/{rel}","templated":true}]}}