{"id":6494,"date":"2022-03-30T07:19:03","date_gmt":"2022-03-30T10:19:03","guid":{"rendered":"https:\/\/expressaoms.com.br\/?p=6494"},"modified":"2022-03-30T08:28:26","modified_gmt":"2022-03-30T11:28:26","slug":"mudancas-a-vista-frente-fria-e-massa-de-ar-polar-mudam-o-clima-em-mato-grosso-do","status":"publish","type":"post","link":"https:\/\/expressaoms.com.br\/index.php\/2022\/03\/30\/mudancas-a-vista-frente-fria-e-massa-de-ar-polar-mudam-o-clima-em-mato-grosso-do\/","title":{"rendered":"Mudan\u00e7as \u00e0 vista: frente fria e massa de ar polar mudam o clima em Mato Grosso do Sul"},"content":{"rendered":"<p>O tempo come\u00e7a a mudar a partir desta quarta-feira (30) deixando o clima agrad\u00e1vel em todas as regi\u00f5es de Mato Grosso do Sul. O avan\u00e7o de uma nova frente fria, seguida de uma intensa massa de ar frio vai provocar chuvas fortes e derrubar as temperaturas em algumas \u00e1reas do Estado.<\/p>\n<p><img fetchpriority=\"high\" decoding=\"async\" class=\"aligncenter size-full wp-image-6184\" src=\"https:\/\/expressaoms.com.br\/wp-content\/uploads\/2022\/03\/Site_Expressao_MS_Marco_Lilas_1170_x_150.gif\" alt=\"\" width=\"1170\" height=\"150\" \/><\/p>\n<p>A temperatura at\u00e9 se eleva e faz calor ao longo desta quarta-feira (29), mas as mudan\u00e7as devem come\u00e7ar a partir da tarde e noite com chuvas intensas, principalmente nas regi\u00f5es sul, oeste e nordeste do Estado.<\/p>\n<p>Previs\u00e3o do Centro de Monitoramento do Tempo e do Clima, indica que a frente fria ir\u00e1 favorecer a ocorr\u00eancia de chuvas de intensidade moderada a localmente fortes e tempestades acompanhadas de raios e rajadas de vento.<\/p>\n<p>Al\u00e9m da frente fria, as instabilidades ocorrem devido ao transporte de umidade pelo Jato de Baixos n\u00edveis, que \u00e9 definido como uma regi\u00e3o de ventos relativamente intensos na baixa atmosfera. Os modelos de previs\u00e3o analisados pelo Cemtec indicam acumulados de chuvas com valores acima de 30 mm por dia.<\/p>\n<p><img decoding=\"async\" class=\"alignnone wp-image-397195 size-full\" src=\"http:\/\/www.ms.gov.br\/wp-content\/uploads\/sites\/150\/2022\/03\/WhatsApp-Image-2022-03-29-at-11.38.58.jpeg\" sizes=\"(max-width: 1024px) 100vw, 1024px\" srcset=\"http:\/\/www.ms.gov.br\/wp-content\/uploads\/sites\/150\/2022\/03\/WhatsApp-Image-2022-03-29-at-11.38.58.jpeg 1024w, http:\/\/www.ms.gov.br\/wp-content\/uploads\/sites\/150\/2022\/03\/WhatsApp-Image-2022-03-29-at-11.38.58-300x234.jpeg 300w, http:\/\/www.ms.gov.br\/wp-content\/uploads\/sites\/150\/2022\/03\/WhatsApp-Image-2022-03-29-at-11.38.58-768x600.jpeg 768w, http:\/\/www.ms.gov.br\/wp-content\/uploads\/sites\/150\/2022\/03\/WhatsApp-Image-2022-03-29-at-11.38.58-307x240.jpeg 307w\" alt=\"\" width=\"1024\" height=\"800\" \/><\/p>\n<p>Na quinta-feira (30) de manh\u00e3 o frio j\u00e1 ser\u00e1 sentido em alguns munic\u00edpios do Estado. \u201cNa quinta e sexta-feira, devido a passagem da frente fria, s\u00e3o esperadas temperaturas m\u00ednimas entre 13\/14\u00ba na regi\u00e3o sudoeste, entre 15\/16\u00baC na regi\u00e3o pantaneira, entre 20\/21\u00baC na regi\u00e3o leste, 18\/20\u00ba na regi\u00e3o norte\u00a0 e na capital entre 17\/18\u00baC. As temperaturas m\u00ednimas podem ser as mais baixas do ano no Estado\u201d, destaca a coordenadora do Cemtec, Valesca Fernandes.<\/p>\n<p>Confira no mapa elaborado pela equipe Cemtec as condi\u00e7\u00f5es de tempo e temperatura estimados para esta quarta-feira na Capital e alguns munic\u00edpios do Estado.<\/p>\n<p><img decoding=\"async\" class=\"aligncenter size-full wp-image-6495\" src=\"https:\/\/expressaoms.com.br\/wp-content\/uploads\/2022\/03\/EB60FB60-0C4A-4FA2-ADC7-858A8D120704.png\" alt=\"\" width=\"727\" height=\"551\" srcset=\"https:\/\/expressaoms.com.br\/wp-content\/uploads\/2022\/03\/EB60FB60-0C4A-4FA2-ADC7-858A8D120704.png 727w, https:\/\/expressaoms.com.br\/wp-content\/uploads\/2022\/03\/EB60FB60-0C4A-4FA2-ADC7-858A8D120704-600x455.png 600w, https:\/\/expressaoms.com.br\/wp-content\/uploads\/2022\/03\/EB60FB60-0C4A-4FA2-ADC7-858A8D120704-300x227.png 300w\" sizes=\"(max-width: 727px) 100vw, 727px\" \/><\/p>\n","protected":false},"excerpt":{"rendered":"<p>O tempo come\u00e7a a mudar a partir desta quarta-feira (30) deixando o clima agrad\u00e1vel em todas as regi\u00f5es de Mato Grosso do Sul. O avan\u00e7o de uma nova frente fria, seguida de uma intensa massa de ar frio vai provocar chuvas fortes e derrubar as temperaturas em algumas \u00e1reas do Estado. A temperatura at\u00e9 se [&hellip;]<\/p>\n","protected":false},"author":2,"featured_media":6496,"comment_status":"open","ping_status":"open","sticky":false,"template":"","format":"standard","meta":{"om_disable_all_campaigns":false,"_monsterinsights_skip_tracking":false,"_monsterinsights_sitenote_active":false,"_monsterinsights_sitenote_note":"","_monsterinsights_sitenote_category":0,"footnotes":""},"categories":[30,193,47],"tags":[],"aioseo_notices":[],"_links":{"self":[{"href":"https:\/\/expressaoms.com.br\/index.php\/wp-json\/wp\/v2\/posts\/6494"}],"collection":[{"href":"https:\/\/expressaoms.com.br\/index.php\/wp-json\/wp\/v2\/posts"}],"about":[{"href":"https:\/\/expressaoms.com.br\/index.php\/wp-json\/wp\/v2\/types\/post"}],"author":[{"embeddable":true,"href":"https:\/\/expressaoms.com.br\/index.php\/wp-json\/wp\/v2\/users\/2"}],"replies":[{"embeddable":true,"href":"https:\/\/expressaoms.com.br\/index.php\/wp-json\/wp\/v2\/comments?post=6494"}],"version-history":[{"count":1,"href":"https:\/\/expressaoms.com.br\/index.php\/wp-json\/wp\/v2\/posts\/6494\/revisions"}],"predecessor-version":[{"id":6497,"href":"https:\/\/expressaoms.com.br\/index.php\/wp-json\/wp\/v2\/posts\/6494\/revisions\/6497"}],"wp:featuredmedia":[{"embeddable":true,"href":"https:\/\/expressaoms.com.br\/index.php\/wp-json\/wp\/v2\/media\/6496"}],"wp:attachment":[{"href":"https:\/\/expressaoms.com.br\/index.php\/wp-json\/wp\/v2\/media?parent=6494"}],"wp:term":[{"taxonomy":"category","embeddable":true,"href":"https:\/\/expressaoms.com.br\/index.php\/wp-json\/wp\/v2\/categories?post=6494"},{"taxonomy":"post_tag","embeddable":true,"href":"https:\/\/expressaoms.com.br\/index.php\/wp-json\/wp\/v2\/tags?post=6494"}],"curies":[{"name":"wp","href":"https:\/\/api.w.org\/{rel}","templated":true}]}}