{"id":6502,"date":"2022-03-30T11:56:13","date_gmt":"2022-03-30T14:56:13","guid":{"rendered":"https:\/\/expressaoms.com.br\/?p=6502"},"modified":"2022-03-30T11:56:13","modified_gmt":"2022-03-30T14:56:13","slug":"uso-da-bandeira-2-para-os-servicos-de-taxis-no-em-tres-lagoas-e-autorizado","status":"publish","type":"post","link":"https:\/\/expressaoms.com.br\/index.php\/2022\/03\/30\/uso-da-bandeira-2-para-os-servicos-de-taxis-no-em-tres-lagoas-e-autorizado\/","title":{"rendered":"Uso da Bandeira 2 para os servi\u00e7os de t\u00e1xis no em Tr\u00eas Lagoas \u00e9 autorizado"},"content":{"rendered":"<p>A partir de sexta-feira, dia 01\u00ba, est\u00e1 autorizado o uso da Bandeira 2, para os servi\u00e7os de t\u00e1xis em Tr\u00eas Lagoas. O decreto que permite a modalidade foi publicado nesta ter\u00e7a-feira (29), no Di\u00e1rio Oficial Associa\u00e7\u00e3o dos Munic\u00edpios de Mato Grosso do Sul (ASSOMASUL).<\/p>\n<p><img fetchpriority=\"high\" decoding=\"async\" class=\"aligncenter size-full wp-image-6184\" src=\"https:\/\/expressaoms.com.br\/wp-content\/uploads\/2022\/03\/Site_Expressao_MS_Marco_Lilas_1170_x_150.gif\" alt=\"\" width=\"1170\" height=\"150\" \/><\/p>\n<p>Agora fica autorizado o uso da Bandeira 2, em qualquer hor\u00e1rio do dia (diurno e noturno), pelos taxistas legalmente cadastrados junto ao Munic\u00edpio, pelo o per\u00edodo de seis meses, sendo entre 1\u00ba de abril a 30 de setembro de 2022.<\/p>\n<p>Entre os motivos que fundamentaram a mudan\u00e7a est\u00e1 a falta de atualiza\u00e7\u00e3o do sistema que faz refer\u00eancia para o valor do servi\u00e7o, o tax\u00edmetro, utilizado pelos taxistas do munic\u00edpio de Tr\u00eas Lagoas, teve sua \u00faltima atualiza\u00e7\u00e3o tarif\u00e1ria em 2009, conforme Decreto Municipal n\u00ba 058\/2012.<\/p>\n<p>O dispositivo tamb\u00e9m necessita de assist\u00eancia t\u00e9cnica para programa\u00e7\u00e3o do Chip Codificado, dispositivo respons\u00e1vel pelo equacionamento dos valores da corrida, o que significa dizer que, mesmo elevando os valores atualmente fixados pelo Munic\u00edpio, o dispositivo atual, da forma que se encontra, n\u00e3o receberia as novas altera\u00e7\u00f5es tarif\u00e1rias.<\/p>\n<p>Na semana passada, dia 22, os representantes da Associa\u00e7\u00e3o dos Taxistas de Tr\u00eas Lagoas reuniram-se com o prefeito Angelo Guerreiro e solicitaram o apoio da Administra\u00e7\u00e3o Municipal para solucionar este impasse, com a autoriza\u00e7\u00e3o do uso da Bandeira 2, como car\u00e1ter paliativo, at\u00e9 o prazo necess\u00e1rio \u00e0 regulariza\u00e7\u00e3o e moderniza\u00e7\u00e3o dos aparelhos, sem prejudicar a presta\u00e7\u00e3o do servi\u00e7o de transporte de passageiros na cidade.<\/p>\n<p>&nbsp;<\/p>\n","protected":false},"excerpt":{"rendered":"<p>A partir de sexta-feira, dia 01\u00ba, est\u00e1 autorizado o uso da Bandeira 2, para os servi\u00e7os de t\u00e1xis em Tr\u00eas Lagoas. O decreto que permite a modalidade foi publicado nesta ter\u00e7a-feira (29), no Di\u00e1rio Oficial Associa\u00e7\u00e3o dos Munic\u00edpios de Mato Grosso do Sul (ASSOMASUL). Agora fica autorizado o uso da Bandeira 2, em qualquer hor\u00e1rio [&hellip;]<\/p>\n","protected":false},"author":2,"featured_media":6503,"comment_status":"open","ping_status":"open","sticky":false,"template":"","format":"standard","meta":{"om_disable_all_campaigns":false,"_monsterinsights_skip_tracking":false,"_monsterinsights_sitenote_active":false,"_monsterinsights_sitenote_note":"","_monsterinsights_sitenote_category":0,"footnotes":""},"categories":[36,48],"tags":[],"aioseo_notices":[],"_links":{"self":[{"href":"https:\/\/expressaoms.com.br\/index.php\/wp-json\/wp\/v2\/posts\/6502"}],"collection":[{"href":"https:\/\/expressaoms.com.br\/index.php\/wp-json\/wp\/v2\/posts"}],"about":[{"href":"https:\/\/expressaoms.com.br\/index.php\/wp-json\/wp\/v2\/types\/post"}],"author":[{"embeddable":true,"href":"https:\/\/expressaoms.com.br\/index.php\/wp-json\/wp\/v2\/users\/2"}],"replies":[{"embeddable":true,"href":"https:\/\/expressaoms.com.br\/index.php\/wp-json\/wp\/v2\/comments?post=6502"}],"version-history":[{"count":2,"href":"https:\/\/expressaoms.com.br\/index.php\/wp-json\/wp\/v2\/posts\/6502\/revisions"}],"predecessor-version":[{"id":6506,"href":"https:\/\/expressaoms.com.br\/index.php\/wp-json\/wp\/v2\/posts\/6502\/revisions\/6506"}],"wp:featuredmedia":[{"embeddable":true,"href":"https:\/\/expressaoms.com.br\/index.php\/wp-json\/wp\/v2\/media\/6503"}],"wp:attachment":[{"href":"https:\/\/expressaoms.com.br\/index.php\/wp-json\/wp\/v2\/media?parent=6502"}],"wp:term":[{"taxonomy":"category","embeddable":true,"href":"https:\/\/expressaoms.com.br\/index.php\/wp-json\/wp\/v2\/categories?post=6502"},{"taxonomy":"post_tag","embeddable":true,"href":"https:\/\/expressaoms.com.br\/index.php\/wp-json\/wp\/v2\/tags?post=6502"}],"curies":[{"name":"wp","href":"https:\/\/api.w.org\/{rel}","templated":true}]}}