{"id":6510,"date":"2022-03-30T12:01:43","date_gmt":"2022-03-30T15:01:43","guid":{"rendered":"https:\/\/expressaoms.com.br\/?p=6510"},"modified":"2022-03-30T12:01:43","modified_gmt":"2022-03-30T15:01:43","slug":"a-partir-desta-quarta-feira-30-ruas-duque-de-caxias-cesar-lajes-canela-e-rua-elvirio-mario-mancini-mizael-garcia-moreira-passam-ser-sentido-unico","status":"publish","type":"post","link":"https:\/\/expressaoms.com.br\/index.php\/2022\/03\/30\/a-partir-desta-quarta-feira-30-ruas-duque-de-caxias-cesar-lajes-canela-e-rua-elvirio-mario-mancini-mizael-garcia-moreira-passam-ser-sentido-unico\/","title":{"rendered":"A partir desta quarta-feira (30), Ruas Duque de Caxias\/Cesar Lajes Canela e Rua Elv\u00edrio M\u00e1rio Mancini\/ Mizael Garcia Moreira passam ser sentido \u00fanico"},"content":{"rendered":"<p>Come\u00e7a a valer nesta quarta-feira (30), as altera\u00e7\u00f5es de sentido das Ruas Duque de Caxias (Rua C\u00e9sar Lajes Canela a partir da Rua Ant\u00f4nio Estevam Leal \u2013 no bairro Paranapung\u00e1) e Rua Elv\u00edrio M\u00e1rio Mancini que muda para Rua Mizael Garcia Moreira, no mesmo trecho. A partir de hoje elas s\u00e3o sentido \u00fanico.<\/p>\n<p><img fetchpriority=\"high\" decoding=\"async\" class=\"aligncenter size-full wp-image-6184\" src=\"https:\/\/expressaoms.com.br\/wp-content\/uploads\/2022\/03\/Site_Expressao_MS_Marco_Lilas_1170_x_150.gif\" alt=\"\" width=\"1170\" height=\"150\" \/><\/p>\n<p>Durante todo o dia, os agentes de tr\u00e2nsito ficar\u00e3o de prontid\u00e3o nos locais mais cr\u00edticos para orientar os condutores, informa a Prefeitura de Tr\u00eas Lagoas por meio da Diretoria de Tr\u00e2nsito, da Secretaria Municipal de Infraestrutura, Transporte e Tr\u00e2nsito (SEINTRA).<\/p>\n<p>MUDAN\u00c7A<\/p>\n<p>A Rua Duque de Caxias\/Cesar Lajes Canela torna-se sentido \u00fanico (centro\/bairro) a partir da Rua Jos\u00e9 Hamilcar Congro Bastos at\u00e9 a \u00faltima rua do Paranapung\u00e1, sendo a R. Jo\u00e3o Martins Montalv\u00e3o. J\u00e1 na Rua Elv\u00edrio M\u00e1rio Mancini a mudan\u00e7a compreende o mesmo trecho, por\u00e9m, sentido bairro\/centro.<\/p>\n","protected":false},"excerpt":{"rendered":"<p>Come\u00e7a a valer nesta quarta-feira (30), as altera\u00e7\u00f5es de sentido das Ruas Duque de Caxias (Rua C\u00e9sar Lajes Canela a partir da Rua Ant\u00f4nio Estevam Leal \u2013 no bairro Paranapung\u00e1) e Rua Elv\u00edrio M\u00e1rio Mancini que muda para Rua Mizael Garcia Moreira, no mesmo trecho. A partir de hoje elas s\u00e3o sentido \u00fanico. Durante todo [&hellip;]<\/p>\n","protected":false},"author":2,"featured_media":6511,"comment_status":"open","ping_status":"open","sticky":false,"template":"","format":"standard","meta":{"om_disable_all_campaigns":false,"_monsterinsights_skip_tracking":false,"_monsterinsights_sitenote_active":false,"_monsterinsights_sitenote_note":"","_monsterinsights_sitenote_category":0,"footnotes":""},"categories":[36,48],"tags":[],"aioseo_notices":[],"_links":{"self":[{"href":"https:\/\/expressaoms.com.br\/index.php\/wp-json\/wp\/v2\/posts\/6510"}],"collection":[{"href":"https:\/\/expressaoms.com.br\/index.php\/wp-json\/wp\/v2\/posts"}],"about":[{"href":"https:\/\/expressaoms.com.br\/index.php\/wp-json\/wp\/v2\/types\/post"}],"author":[{"embeddable":true,"href":"https:\/\/expressaoms.com.br\/index.php\/wp-json\/wp\/v2\/users\/2"}],"replies":[{"embeddable":true,"href":"https:\/\/expressaoms.com.br\/index.php\/wp-json\/wp\/v2\/comments?post=6510"}],"version-history":[{"count":1,"href":"https:\/\/expressaoms.com.br\/index.php\/wp-json\/wp\/v2\/posts\/6510\/revisions"}],"predecessor-version":[{"id":6512,"href":"https:\/\/expressaoms.com.br\/index.php\/wp-json\/wp\/v2\/posts\/6510\/revisions\/6512"}],"wp:featuredmedia":[{"embeddable":true,"href":"https:\/\/expressaoms.com.br\/index.php\/wp-json\/wp\/v2\/media\/6511"}],"wp:attachment":[{"href":"https:\/\/expressaoms.com.br\/index.php\/wp-json\/wp\/v2\/media?parent=6510"}],"wp:term":[{"taxonomy":"category","embeddable":true,"href":"https:\/\/expressaoms.com.br\/index.php\/wp-json\/wp\/v2\/categories?post=6510"},{"taxonomy":"post_tag","embeddable":true,"href":"https:\/\/expressaoms.com.br\/index.php\/wp-json\/wp\/v2\/tags?post=6510"}],"curies":[{"name":"wp","href":"https:\/\/api.w.org\/{rel}","templated":true}]}}