{"id":6518,"date":"2022-03-30T14:33:15","date_gmt":"2022-03-30T17:33:15","guid":{"rendered":"https:\/\/expressaoms.com.br\/?p=6518"},"modified":"2022-03-30T15:06:40","modified_gmt":"2022-03-30T18:06:40","slug":"agua-clara-foi-o-6o-municipio-que-mais-gerou-empregos-no-ms-em-fevereiro","status":"publish","type":"post","link":"https:\/\/expressaoms.com.br\/index.php\/2022\/03\/30\/agua-clara-foi-o-6o-municipio-que-mais-gerou-empregos-no-ms-em-fevereiro\/","title":{"rendered":"\u00c1gua Clara foi o 6\u00ba munic\u00edpio que mais gerou empregos no MS em fevereiro"},"content":{"rendered":"<p>De acordo com a divulga\u00e7\u00e3o do Caged (Cadastro Geral dos Empregados e Desempregados), nessa semana, referente ao m\u00eas de fevereiro, o cen\u00e1rio de abertura de novos postos de trabalho formal foi positivo para \u00c1gua Clara, com 214 novas vagas. Com esses n\u00fameros, o munic\u00edpio foi o 6\u00ba maior gerador de empregos no Mato Grosso do Sul no m\u00eas de fevereiro, e no acumulado de janeiro e fevereiro de 2022, \u00c1gua Clara ocupa a 8\u00aa posi\u00e7\u00e3o, com 263 postos de trabalho criados formalmente.<\/p>\n<p>Puxados pelas gigantes do ramo de eucalipto, como Celulose e MDF, \u00c1gua Clara ainda contou com novas vagas abertas nas outras unidades industriais instaladas no munic\u00edpio, e tamb\u00e9m no com\u00e9rcio local. A \u00e1rea de servi\u00e7os teve indicadores positivos nesses dois primeiros meses do ano.<\/p>\n<p>A prefeita Gerolina Alves comemorou os resultados positivos deste in\u00edcio de ano, o que prova, na pr\u00e1tica, que a economia do munic\u00edpio est\u00e1 vencendo as dificuldades impostas pela pandemia do Coronav\u00edrus, e tamb\u00e9m que as a\u00e7\u00f5es da administra\u00e7\u00e3o no apoio aos empreendedores est\u00e3o no caminho certo.<\/p>\n<p>\u201cFicamos felizes com esta not\u00edcia, que prova que \u00c1gua Clara est\u00e1 na dire\u00e7\u00e3o correta do desenvolvimento econ\u00f4mico, com gera\u00e7\u00e3o de empregos e renda, e nos estimula ainda mais a trabalhar na busca de novas oportunidades de trabalho para nossa popula\u00e7\u00e3o\u201d, comemorou a prefeita.<\/p>\n<p><img fetchpriority=\"high\" decoding=\"async\" class=\"alignnone size-full wp-image-6520\" src=\"https:\/\/expressaoms.com.br\/wp-content\/uploads\/2022\/03\/Post-0007_Prancheta-1-1.jpg\" alt=\"\" width=\"1000\" height=\"1249\" srcset=\"https:\/\/expressaoms.com.br\/wp-content\/uploads\/2022\/03\/Post-0007_Prancheta-1-1.jpg 1000w, https:\/\/expressaoms.com.br\/wp-content\/uploads\/2022\/03\/Post-0007_Prancheta-1-1-600x749.jpg 600w, https:\/\/expressaoms.com.br\/wp-content\/uploads\/2022\/03\/Post-0007_Prancheta-1-1-240x300.jpg 240w, https:\/\/expressaoms.com.br\/wp-content\/uploads\/2022\/03\/Post-0007_Prancheta-1-1-820x1024.jpg 820w, https:\/\/expressaoms.com.br\/wp-content\/uploads\/2022\/03\/Post-0007_Prancheta-1-1-768x959.jpg 768w\" sizes=\"(max-width: 1000px) 100vw, 1000px\" \/><\/p>\n<p>&nbsp;<\/p>\n","protected":false},"excerpt":{"rendered":"<p>De acordo com a divulga\u00e7\u00e3o do Caged (Cadastro Geral dos Empregados e Desempregados), nessa semana, referente ao m\u00eas de fevereiro, o cen\u00e1rio de abertura de novos postos de trabalho formal foi positivo para \u00c1gua Clara, com 214 novas vagas. Com esses n\u00fameros, o munic\u00edpio foi o 6\u00ba maior gerador de empregos no Mato Grosso do [&hellip;]<\/p>\n","protected":false},"author":3,"featured_media":6521,"comment_status":"open","ping_status":"open","sticky":false,"template":"","format":"standard","meta":{"om_disable_all_campaigns":false,"_monsterinsights_skip_tracking":false,"_monsterinsights_sitenote_active":false,"_monsterinsights_sitenote_note":"","_monsterinsights_sitenote_category":0,"footnotes":""},"categories":[189,31],"tags":[],"aioseo_notices":[],"_links":{"self":[{"href":"https:\/\/expressaoms.com.br\/index.php\/wp-json\/wp\/v2\/posts\/6518"}],"collection":[{"href":"https:\/\/expressaoms.com.br\/index.php\/wp-json\/wp\/v2\/posts"}],"about":[{"href":"https:\/\/expressaoms.com.br\/index.php\/wp-json\/wp\/v2\/types\/post"}],"author":[{"embeddable":true,"href":"https:\/\/expressaoms.com.br\/index.php\/wp-json\/wp\/v2\/users\/3"}],"replies":[{"embeddable":true,"href":"https:\/\/expressaoms.com.br\/index.php\/wp-json\/wp\/v2\/comments?post=6518"}],"version-history":[{"count":2,"href":"https:\/\/expressaoms.com.br\/index.php\/wp-json\/wp\/v2\/posts\/6518\/revisions"}],"predecessor-version":[{"id":6529,"href":"https:\/\/expressaoms.com.br\/index.php\/wp-json\/wp\/v2\/posts\/6518\/revisions\/6529"}],"wp:featuredmedia":[{"embeddable":true,"href":"https:\/\/expressaoms.com.br\/index.php\/wp-json\/wp\/v2\/media\/6521"}],"wp:attachment":[{"href":"https:\/\/expressaoms.com.br\/index.php\/wp-json\/wp\/v2\/media?parent=6518"}],"wp:term":[{"taxonomy":"category","embeddable":true,"href":"https:\/\/expressaoms.com.br\/index.php\/wp-json\/wp\/v2\/categories?post=6518"},{"taxonomy":"post_tag","embeddable":true,"href":"https:\/\/expressaoms.com.br\/index.php\/wp-json\/wp\/v2\/tags?post=6518"}],"curies":[{"name":"wp","href":"https:\/\/api.w.org\/{rel}","templated":true}]}}