{"id":7123,"date":"2022-04-20T11:36:50","date_gmt":"2022-04-20T14:36:50","guid":{"rendered":"https:\/\/expressaoms.com.br\/?p=7123"},"modified":"2022-04-20T11:47:53","modified_gmt":"2022-04-20T14:47:53","slug":"prefeita-gerolina-alves-anuncia-reajuste-para-os-servidores-municipais","status":"publish","type":"post","link":"https:\/\/expressaoms.com.br\/index.php\/2022\/04\/20\/prefeita-gerolina-alves-anuncia-reajuste-para-os-servidores-municipais\/","title":{"rendered":"Prefeita Gerolina Alves anuncia reajuste para os servidores municipais"},"content":{"rendered":"<div class=\"cxmmr5t8 oygrvhab hcukyx3x c1et5uql o9v6fnle ii04i59q\">\n<div dir=\"auto\">Na tarde desta ter\u00e7a-feira (19), a prefeita, Gerolina Alves, anunciou o reajuste salarial para servidores p\u00fablicos. O projeto de Lei dever\u00e1 ser encaminhado ainda nesta quarta-feira (20) para C\u00e2mara de Vereadores. O pagamento ser\u00e1 realizado de forma integral, a partir da folha de pagamento do m\u00eas de abril.<\/div>\n<\/div>\n<div dir=\"auto\"><\/div>\n<div class=\"cxmmr5t8 oygrvhab hcukyx3x c1et5uql o9v6fnle ii04i59q\">\n<div dir=\"auto\"><img fetchpriority=\"high\" decoding=\"async\" class=\"aligncenter size-full wp-image-7100\" src=\"https:\/\/expressaoms.com.br\/wp-content\/uploads\/2022\/04\/Site_Expressao_MS_Brasilandia_57_anos_728_x_90.jpg\" alt=\"\" width=\"728\" height=\"90\" srcset=\"https:\/\/expressaoms.com.br\/wp-content\/uploads\/2022\/04\/Site_Expressao_MS_Brasilandia_57_anos_728_x_90.jpg 728w, https:\/\/expressaoms.com.br\/wp-content\/uploads\/2022\/04\/Site_Expressao_MS_Brasilandia_57_anos_728_x_90-600x74.jpg 600w, https:\/\/expressaoms.com.br\/wp-content\/uploads\/2022\/04\/Site_Expressao_MS_Brasilandia_57_anos_728_x_90-300x37.jpg 300w\" sizes=\"(max-width: 728px) 100vw, 728px\" \/><\/div>\n<\/div>\n<div dir=\"auto\"><\/div>\n<div class=\"cxmmr5t8 oygrvhab hcukyx3x c1et5uql o9v6fnle ii04i59q\">\n<div dir=\"auto\">O percentual de reajuste foi divulgado pela prefeita em reuni\u00e3o com os servidores, e \u00e9 o maior \u00edndice concedido para as categorias nos \u00faltimos anos; sendo 16% , 14% e 10% .<\/div>\n<\/div>\n<div class=\"cxmmr5t8 oygrvhab hcukyx3x c1et5uql o9v6fnle ii04i59q\">\n<blockquote>\n<div dir=\"auto\">\u201cTemos um compromisso com o servidor p\u00fablico. Esse reajuste \u00e9 o reconhecimento do trabalho dedicado desempenhado por eles em nossa cidade, atendendo nossa popula\u00e7\u00e3o\u201d, ressaltou a prefeita Gerolina sobre o reajuste.<\/div>\n<\/blockquote>\n<\/div>\n<div class=\"cxmmr5t8 oygrvhab hcukyx3x c1et5uql o9v6fnle ii04i59q\">\n<div dir=\"auto\">Para o presidente dos servidores p\u00fablicos municipais, Rondiney Ribeiro o reajuste superou todas expectativas, e veio em boa hora.\u201d Agrade\u00e7o a sensibilidade e empenho em valorizar o servidor p\u00fablico municipal\u201d, ressaltou.<\/div>\n<\/div>\n<div class=\"cxmmr5t8 oygrvhab hcukyx3x c1et5uql o9v6fnle ii04i59q\">\n<div dir=\"auto\">No ato do an\u00fancio estiveram presentes, o presidente da C\u00e2mara Municipal Saylon Cristiano, vereador Ricardo Moreira, vereadora Leiliane Freitas, Vereador Elizeu Pereira, vereador M\u00e1rcio Cezar, Secret\u00e1rios municipais e servidores.<\/div>\n<\/div>\n","protected":false},"excerpt":{"rendered":"<p>Na tarde desta ter\u00e7a-feira (19), a prefeita, Gerolina Alves, anunciou o reajuste salarial para servidores p\u00fablicos. O projeto de Lei dever\u00e1 ser encaminhado ainda nesta quarta-feira (20) para C\u00e2mara de Vereadores. O pagamento ser\u00e1 realizado de forma integral, a partir da folha de pagamento do m\u00eas de abril. O percentual de reajuste foi divulgado pela [&hellip;]<\/p>\n","protected":false},"author":2,"featured_media":7124,"comment_status":"open","ping_status":"open","sticky":false,"template":"","format":"standard","meta":{"om_disable_all_campaigns":false,"_monsterinsights_skip_tracking":false,"_monsterinsights_sitenote_active":false,"_monsterinsights_sitenote_note":"","_monsterinsights_sitenote_category":0,"footnotes":""},"categories":[189,193],"tags":[],"aioseo_notices":[],"_links":{"self":[{"href":"https:\/\/expressaoms.com.br\/index.php\/wp-json\/wp\/v2\/posts\/7123"}],"collection":[{"href":"https:\/\/expressaoms.com.br\/index.php\/wp-json\/wp\/v2\/posts"}],"about":[{"href":"https:\/\/expressaoms.com.br\/index.php\/wp-json\/wp\/v2\/types\/post"}],"author":[{"embeddable":true,"href":"https:\/\/expressaoms.com.br\/index.php\/wp-json\/wp\/v2\/users\/2"}],"replies":[{"embeddable":true,"href":"https:\/\/expressaoms.com.br\/index.php\/wp-json\/wp\/v2\/comments?post=7123"}],"version-history":[{"count":4,"href":"https:\/\/expressaoms.com.br\/index.php\/wp-json\/wp\/v2\/posts\/7123\/revisions"}],"predecessor-version":[{"id":7133,"href":"https:\/\/expressaoms.com.br\/index.php\/wp-json\/wp\/v2\/posts\/7123\/revisions\/7133"}],"wp:featuredmedia":[{"embeddable":true,"href":"https:\/\/expressaoms.com.br\/index.php\/wp-json\/wp\/v2\/media\/7124"}],"wp:attachment":[{"href":"https:\/\/expressaoms.com.br\/index.php\/wp-json\/wp\/v2\/media?parent=7123"}],"wp:term":[{"taxonomy":"category","embeddable":true,"href":"https:\/\/expressaoms.com.br\/index.php\/wp-json\/wp\/v2\/categories?post=7123"},{"taxonomy":"post_tag","embeddable":true,"href":"https:\/\/expressaoms.com.br\/index.php\/wp-json\/wp\/v2\/tags?post=7123"}],"curies":[{"name":"wp","href":"https:\/\/api.w.org\/{rel}","templated":true}]}}