{"id":718,"date":"2021-10-05T08:21:55","date_gmt":"2021-10-05T11:21:55","guid":{"rendered":"https:\/\/expressaoms.com.br\/?p=718"},"modified":"2021-10-05T08:21:55","modified_gmt":"2021-10-05T11:21:55","slug":"terca-feira-de-chuva-ventos-fortes-e-temperaturas-agradaveis-no-estado","status":"publish","type":"post","link":"https:\/\/expressaoms.com.br\/index.php\/2021\/10\/05\/terca-feira-de-chuva-ventos-fortes-e-temperaturas-agradaveis-no-estado\/","title":{"rendered":"Ter\u00e7a-feira de chuva, ventos fortes e temperaturas agrad\u00e1veis no Estado"},"content":{"rendered":"<p><span data-uw-styling-context=\"true\">A ter\u00e7a-feira (05) ainda mant\u00e9m condi\u00e7\u00f5es para chuvas isoladas e temporais em Mato Grosso do Sul.\u00a0<\/span><span data-uw-styling-context=\"true\">Estimativa do Centro de Monitoramento do Tempo e do Clima (Cemtec) indica chuvas de moderada a forte e tempestades com raios, rajadas de vento entre 30 km\/h a 70 km\/h e eventual queda de granizo para as regi\u00f5es sudoeste, leste e nordeste.\u00a0<\/span><\/p>\n<p><span data-uw-styling-context=\"true\">Nas demais \u00e1reas, podem ocorrer pancadas de chuva com tempestades isoladas.\u00a0<\/span><span data-uw-styling-context=\"true\">A explica\u00e7\u00e3o para as instabilidades \u00e9 o avan\u00e7o de uma frente fria, aliado \u00e0 passagem de um cavado em m\u00e9dios n\u00edveis.\u00a0<\/span><\/p>\n<p><span data-uw-styling-context=\"true\">As temperaturas seguir\u00e3o agrad\u00e1veis nesta ter\u00e7a-feira, com m\u00ednimas de 16\u00b0C no sul e sudoeste e m\u00e1ximas de at\u00e9 34\u00b0C para a regi\u00e3o norte.\u00a0<\/span><\/p>\n<p><span data-uw-styling-context=\"true\">Confira no mapa elaborado pelo Cemtec as condi\u00e7\u00f5es de tempo e temperatura estimadas para algumas regi\u00f5es do Estado.\u00a0<\/span><\/p>\n<p><img fetchpriority=\"high\" decoding=\"async\" class=\"size-full wp-image-719 aligncenter\" src=\"https:\/\/expressaoms.com.br\/wp-content\/uploads\/2021\/10\/mapa-tempo-terca-05-outubro.png\" alt=\"\" width=\"563\" height=\"425\" \/><\/p>\n<p><strong data-uw-styling-context=\"true\">Chuvarada<\/strong><\/p>\n<figure id=\"attachment_372757\" class=\"wp-caption alignright\"><figcaption class=\"wp-caption-text\" data-uw-styling-context=\"true\"><\/figcaption><\/figure>\n<p><span data-uw-styling-context=\"true\">Previs\u00e3o estendida do Cemtec indica que at\u00e9 o dia 12 de outubro, feriado de Nossa Senhora Aparecida, o acumulado de chuvas esperado para as regi\u00f5es sudeste, leste e nordeste do Estado \u00e9 alto e pode variar entre 50 a 125 mm, com as mesmas caracter\u00edsticas que v\u00eam sendo registradas: chuva moderada a forte e tempestades acompanhadas de raios, rajadas de vento e eventual queda de granizo. Para as demais regi\u00f5es o volume de chuva \u00e9 bem menor podendo variar entre 10-35 mm no per\u00edodo.<\/span><\/p>\n<p><span data-uw-styling-context=\"true\">Para o per\u00edodo de 12 a 20 de outubro as chuvas devem continuar com chance de maiores acumulados. Existe a probabilidade de chuvas de moderada a forte com tempestades acompanhadas de raios, rajadas de vento e eventual queda de granizo com acumulados de chuvas bem significativos, de at\u00e9 175 mm na por\u00e7\u00e3o centro-sul. No restante do estado, h\u00e1 probabilidade de tempestades com acumulados de chuva variando entre 30-150 mm.<\/span><\/p>\n<p>&nbsp;<\/p>\n<p>Fonte: Governo MS<\/p>\n","protected":false},"excerpt":{"rendered":"<p>A ter\u00e7a-feira (05) ainda mant\u00e9m condi\u00e7\u00f5es para chuvas isoladas e temporais em Mato Grosso do Sul.\u00a0Estimativa do Centro de Monitoramento do Tempo e do Clima (Cemtec) indica chuvas de moderada a forte e tempestades com raios, rajadas de vento entre 30 km\/h a 70 km\/h e eventual queda de granizo para as regi\u00f5es sudoeste, leste [&hellip;]<\/p>\n","protected":false},"author":3,"featured_media":720,"comment_status":"open","ping_status":"open","sticky":false,"template":"","format":"standard","meta":{"om_disable_all_campaigns":false,"_monsterinsights_skip_tracking":false,"_monsterinsights_sitenote_active":false,"_monsterinsights_sitenote_note":"","_monsterinsights_sitenote_category":0,"footnotes":""},"categories":[47],"tags":[],"aioseo_notices":[],"_links":{"self":[{"href":"https:\/\/expressaoms.com.br\/index.php\/wp-json\/wp\/v2\/posts\/718"}],"collection":[{"href":"https:\/\/expressaoms.com.br\/index.php\/wp-json\/wp\/v2\/posts"}],"about":[{"href":"https:\/\/expressaoms.com.br\/index.php\/wp-json\/wp\/v2\/types\/post"}],"author":[{"embeddable":true,"href":"https:\/\/expressaoms.com.br\/index.php\/wp-json\/wp\/v2\/users\/3"}],"replies":[{"embeddable":true,"href":"https:\/\/expressaoms.com.br\/index.php\/wp-json\/wp\/v2\/comments?post=718"}],"version-history":[{"count":0,"href":"https:\/\/expressaoms.com.br\/index.php\/wp-json\/wp\/v2\/posts\/718\/revisions"}],"wp:featuredmedia":[{"embeddable":true,"href":"https:\/\/expressaoms.com.br\/index.php\/wp-json\/wp\/v2\/media\/720"}],"wp:attachment":[{"href":"https:\/\/expressaoms.com.br\/index.php\/wp-json\/wp\/v2\/media?parent=718"}],"wp:term":[{"taxonomy":"category","embeddable":true,"href":"https:\/\/expressaoms.com.br\/index.php\/wp-json\/wp\/v2\/categories?post=718"},{"taxonomy":"post_tag","embeddable":true,"href":"https:\/\/expressaoms.com.br\/index.php\/wp-json\/wp\/v2\/tags?post=718"}],"curies":[{"name":"wp","href":"https:\/\/api.w.org\/{rel}","templated":true}]}}