{"id":775,"date":"2021-10-06T13:03:14","date_gmt":"2021-10-06T16:03:14","guid":{"rendered":"https:\/\/expressaoms.com.br\/?p=775"},"modified":"2021-10-06T13:03:14","modified_gmt":"2021-10-06T16:03:14","slug":"associacao-medica-brasileira-cria-novo-orgao-de-atuacao-parlamentar","status":"publish","type":"post","link":"https:\/\/expressaoms.com.br\/index.php\/2021\/10\/06\/associacao-medica-brasileira-cria-novo-orgao-de-atuacao-parlamentar\/","title":{"rendered":"Associa\u00e7\u00e3o M\u00e9dica Brasileira cria novo \u00f3rg\u00e3o de atua\u00e7\u00e3o parlamentar"},"content":{"rendered":"<p>A Associa\u00e7\u00e3o M\u00e9dica Brasileira (AMB) lan\u00e7a oficialmente hoje (6) o N\u00facleo de Atua\u00e7\u00e3o Parlamentar (NAP), que deve servir como ponte entre entidades m\u00e9dicas, senadores e deputados.<\/p>\n<p>O novo \u00f3rg\u00e3o, entretanto, j\u00e1 opera h\u00e1 alguns meses, abrigado na Associa\u00e7\u00e3o M\u00e9dica de Bras\u00edlia (AMBr). Segundo o presidente da AMB, C\u00e9sar Eduardo Fernandes, uma assessoria parlamentar com equipe jur\u00eddica j\u00e1 se re\u00fane com deputados e senadores.<\/p>\n<p>\u201cN\u00e3o queremos nem teremos intermedi\u00e1rios para conduzir a\u00e7\u00f5es junto aos deputados, \u00e0 Frente Parlamentar. N\u00e3o haver\u00e1 contamina\u00e7\u00e3o qualquer, mantendo-nos sem vi\u00e9s pol\u00edtico-ideol\u00f3gico e vacinados contra interesses outros\u201d, escreveu Fernandes ao apresentar o NAP.<\/p>\n<p>Com a cria\u00e7\u00e3o do n\u00facleo, as entidades filiadas \u00e0 AMB \u2013 27 federa\u00e7\u00f5es nacionais e 54 sociedades de especialidades \u2013 t\u00eam agora \u00e0 disposi\u00e7\u00e3o duas entidades \u00e0s quais podem aderir para se verem representadas junto ao Congresso Nacional. At\u00e9 agora, esse papel era desempenhado exclusivamente pelo Instituto Brasil de Medicina (IBDM), criado em 2017.<\/p>\n<p>&nbsp;<\/p>\n<pre>Fonte: Ag\u00eancia Brasil<\/pre>\n","protected":false},"excerpt":{"rendered":"<p>A Associa\u00e7\u00e3o M\u00e9dica Brasileira (AMB) lan\u00e7a oficialmente hoje (6) o N\u00facleo de Atua\u00e7\u00e3o Parlamentar (NAP), que deve servir como ponte entre entidades m\u00e9dicas, senadores e deputados. O novo \u00f3rg\u00e3o, entretanto, j\u00e1 opera h\u00e1 alguns meses, abrigado na Associa\u00e7\u00e3o M\u00e9dica de Bras\u00edlia (AMBr). Segundo o presidente da AMB, C\u00e9sar Eduardo Fernandes, uma assessoria parlamentar com equipe [&hellip;]<\/p>\n","protected":false},"author":2,"featured_media":776,"comment_status":"open","ping_status":"open","sticky":false,"template":"","format":"standard","meta":{"om_disable_all_campaigns":false,"_monsterinsights_skip_tracking":false,"_monsterinsights_sitenote_active":false,"_monsterinsights_sitenote_note":"","_monsterinsights_sitenote_category":0,"footnotes":""},"categories":[42],"tags":[59,141],"aioseo_notices":[],"_links":{"self":[{"href":"https:\/\/expressaoms.com.br\/index.php\/wp-json\/wp\/v2\/posts\/775"}],"collection":[{"href":"https:\/\/expressaoms.com.br\/index.php\/wp-json\/wp\/v2\/posts"}],"about":[{"href":"https:\/\/expressaoms.com.br\/index.php\/wp-json\/wp\/v2\/types\/post"}],"author":[{"embeddable":true,"href":"https:\/\/expressaoms.com.br\/index.php\/wp-json\/wp\/v2\/users\/2"}],"replies":[{"embeddable":true,"href":"https:\/\/expressaoms.com.br\/index.php\/wp-json\/wp\/v2\/comments?post=775"}],"version-history":[{"count":0,"href":"https:\/\/expressaoms.com.br\/index.php\/wp-json\/wp\/v2\/posts\/775\/revisions"}],"wp:featuredmedia":[{"embeddable":true,"href":"https:\/\/expressaoms.com.br\/index.php\/wp-json\/wp\/v2\/media\/776"}],"wp:attachment":[{"href":"https:\/\/expressaoms.com.br\/index.php\/wp-json\/wp\/v2\/media?parent=775"}],"wp:term":[{"taxonomy":"category","embeddable":true,"href":"https:\/\/expressaoms.com.br\/index.php\/wp-json\/wp\/v2\/categories?post=775"},{"taxonomy":"post_tag","embeddable":true,"href":"https:\/\/expressaoms.com.br\/index.php\/wp-json\/wp\/v2\/tags?post=775"}],"curies":[{"name":"wp","href":"https:\/\/api.w.org\/{rel}","templated":true}]}}