{"id":781,"date":"2021-10-06T13:07:39","date_gmt":"2021-10-06T16:07:39","guid":{"rendered":"https:\/\/expressaoms.com.br\/?p=781"},"modified":"2021-10-06T13:07:39","modified_gmt":"2021-10-06T16:07:39","slug":"inflacao-medida-pelo-igp-di-caiu-055-em-setembro","status":"publish","type":"post","link":"https:\/\/expressaoms.com.br\/index.php\/2021\/10\/06\/inflacao-medida-pelo-igp-di-caiu-055-em-setembro\/","title":{"rendered":"Infla\u00e7\u00e3o medida pelo IGP-DI caiu 0,55% em setembro"},"content":{"rendered":"<p>O \u00cdndice Geral de Pre\u00e7os \u2013 Disponibilidade Interna (IGP-DI) caiu 0,55% em setembro, ap\u00f3s redu\u00e7\u00e3o de 0,14% em agosto. No ano, acumula alta de 15,12% e, em 12 meses, de 23,43%. Em setembro do ano passado, o \u00edndice havia subido 3,3% e acumulava alta de 18,44% em 12 meses. Os dados foram divulgados hoje (6) pelo Instituto Brasileiro de Economia da Funda\u00e7\u00e3o Getulio Vargas (FGV Ibre).<\/p>\n<p>O IGP \u00e9 a m\u00e9dia dos \u00edndices de pre\u00e7os ao produtor (IPA), ao consumidor (IPC) e de custo da constru\u00e7\u00e3o civil (INCC). Segundo o instituto, o indicador revela as fontes de press\u00e3o inflacion\u00e1ria e a evolu\u00e7\u00e3o dos pre\u00e7os de produtos e servi\u00e7os mais relevantes para esses tr\u00eas grupos.<\/p>\n<p>Segundo o coordenador dos \u00cdndices de Pre\u00e7os do FGV Ibre, Andr\u00e9 Braz, a queda no IGP-DI foi influenciada pela diminui\u00e7\u00e3o no pre\u00e7o de commodities.<\/p>\n<p>\u201cA queda de 22,11% registrada no pre\u00e7o do min\u00e9rio de ferro influenciou novamente o resultado da infla\u00e7\u00e3o ao produtor, que recuou de 0,42% em agosto para a queda de 1,17% em setembro. Afora o comportamento do min\u00e9rio, os pre\u00e7os de outras commodities importantes tamb\u00e9m apresentaram quedas, como milho (5,26% para -5,10%), bovinos (-0,24% para -2,69%) e soja (4,25% para -0,32%)\u201d.<\/p>\n<p>Componentes<br \/>\nEntre os componentes do IGP-DI, o \u00cdndice de Pre\u00e7os ao Produtor Amplo (IPA) apresentou queda mais intensa em setembro. A taxa passou de menos 0,42% em agosto para menos 1,17%, no m\u00eas passado. Por est\u00e1gios de processamento, o grupo bens finais desacelerou de 2,19% em agosto para 1,26% em setembro, puxados pelos alimentos in natura, cuja taxa passou de 8,09% para 2,22% na passagem do m\u00eas. O \u00edndice de bens finais, que exclui os alimentos in natura e combust\u00edveis para o consumo, variou 1,15% em setembro, depois da alta de 1,64% em agosto.<\/p>\n<p>A taxa do grupo bens intermedi\u00e1rios passou de 1,84% para 1,91% em setembro, com o aumento no subgrupo combust\u00edveis e lubrificantes para a produ\u00e7\u00e3o, cuja taxa passou de 0,53% em agosto para 1,87%. O \u00edndice de bens intermedi\u00e1rios, que exclui combust\u00edveis e lubrificantes para a produ\u00e7\u00e3o, desacelerou para 1,91% em setembro, depois da alta de 2,05% no m\u00eas anterior. J\u00e1 o est\u00e1gio das mat\u00e9rias-primas brutas caiu 5,75% em setembro, depois da queda de 4,17% em agosto. O grupo foi puxado pelo min\u00e9rio de ferro (21,39% para 22,11%), milho em gr\u00e3o (5,26% para 5,10%), soja em gr\u00e3o (4,25% para 0,32%) e bovinos (0,24% para 2,69%). Pelas altas, o FGV Ibre destaca a mandioca (4,14% para 6,71%) e a cana-de-a\u00e7\u00facar (0,87% para 1,45%).<\/p>\n<p>O \u00cdndice de Pre\u00e7os ao Consumidor (IPC) subiu 1,43% em setembro, depois da alta de 0,71% em agosto. Dentro do IPC, cinco das oito classes de despesa componentes tiveram acr\u00e9scimo na taxas de varia\u00e7\u00e3o: habita\u00e7\u00e3o (0,59% para 2,59%), educa\u00e7\u00e3o, leitura e recrea\u00e7\u00e3o (1,03% para 2,90%), transportes (0,69% para 1,50%), comunica\u00e7\u00e3o (0,05% para 0,39%) e despesas diversas (0,18% para 0,30%).<\/p>\n<p>O instituto destaca a alta de eletricidade residencial, cuja varia\u00e7\u00e3o passou de 0,93% em agosto para 8,52% em setembro, passagem a\u00e9rea (7,25% para 22,70%), gasolina (1,14% para 3,38%), telefonia, internet e TV por assinatura (-0,19% para 1,04%) e servi\u00e7os banc\u00e1rios (0,15% para 0,27%).<\/p>\n<p>Tiveram queda na taxa de varia\u00e7\u00e3o os grupos sa\u00fade e cuidados pessoais (0,49% para 0,14%), alimenta\u00e7\u00e3o (1,25% para 1,09%) e vestu\u00e1rio (0,38% para 0,28%), puxados por artigos de higiene e cuidado pessoal (1,16% para -0,01%), hortali\u00e7as e legumes (4,25% para 2,51%) e acess\u00f3rios do vestu\u00e1rio (0,82% para -0,01%).<\/p>\n<p>Os dados do FGV Ibre apontam que o n\u00facleo do IPC registrou taxa de 0,46% em setembro, ante 0,53% no m\u00eas anterior, e o \u00edndice de difus\u00e3o mostrou que a propor\u00e7\u00e3o de itens com taxa de varia\u00e7\u00e3o positiva ficou em 65,48%, 12,58 pontos percentuais abaixo do registrado em agosto, quando o \u00edndice foi de 78,06%.<\/p>\n<p>O \u00faltimo componente do IGP-DI, o \u00cdndice Nacional de Custo da Constru\u00e7\u00e3o (INCC) variou 0,51% em setembro, depois da alta de 0,46% em agosto. Materiais e equipamentos desaceleraram de 1,01% para 0,71%; servi\u00e7os foram de 0,47% para 0,35% e a m\u00e3o de obra n\u00e3o variou em agosto e subiu 0,37% em setembro.<\/p>\n<p>&nbsp;<\/p>\n<pre>Fonte: Ag\u00eancia Brasil<\/pre>\n","protected":false},"excerpt":{"rendered":"<p>O \u00cdndice Geral de Pre\u00e7os \u2013 Disponibilidade Interna (IGP-DI) caiu 0,55% em setembro, ap\u00f3s redu\u00e7\u00e3o de 0,14% em agosto. No ano, acumula alta de 15,12% e, em 12 meses, de 23,43%. Em setembro do ano passado, o \u00edndice havia subido 3,3% e acumulava alta de 18,44% em 12 meses. Os dados foram divulgados hoje (6) [&hellip;]<\/p>\n","protected":false},"author":2,"featured_media":782,"comment_status":"open","ping_status":"open","sticky":false,"template":"","format":"standard","meta":{"om_disable_all_campaigns":false,"_monsterinsights_skip_tracking":false,"_monsterinsights_sitenote_active":false,"_monsterinsights_sitenote_note":"","_monsterinsights_sitenote_category":0,"footnotes":""},"categories":[31],"tags":[59],"aioseo_notices":[],"_links":{"self":[{"href":"https:\/\/expressaoms.com.br\/index.php\/wp-json\/wp\/v2\/posts\/781"}],"collection":[{"href":"https:\/\/expressaoms.com.br\/index.php\/wp-json\/wp\/v2\/posts"}],"about":[{"href":"https:\/\/expressaoms.com.br\/index.php\/wp-json\/wp\/v2\/types\/post"}],"author":[{"embeddable":true,"href":"https:\/\/expressaoms.com.br\/index.php\/wp-json\/wp\/v2\/users\/2"}],"replies":[{"embeddable":true,"href":"https:\/\/expressaoms.com.br\/index.php\/wp-json\/wp\/v2\/comments?post=781"}],"version-history":[{"count":0,"href":"https:\/\/expressaoms.com.br\/index.php\/wp-json\/wp\/v2\/posts\/781\/revisions"}],"wp:featuredmedia":[{"embeddable":true,"href":"https:\/\/expressaoms.com.br\/index.php\/wp-json\/wp\/v2\/media\/782"}],"wp:attachment":[{"href":"https:\/\/expressaoms.com.br\/index.php\/wp-json\/wp\/v2\/media?parent=781"}],"wp:term":[{"taxonomy":"category","embeddable":true,"href":"https:\/\/expressaoms.com.br\/index.php\/wp-json\/wp\/v2\/categories?post=781"},{"taxonomy":"post_tag","embeddable":true,"href":"https:\/\/expressaoms.com.br\/index.php\/wp-json\/wp\/v2\/tags?post=781"}],"curies":[{"name":"wp","href":"https:\/\/api.w.org\/{rel}","templated":true}]}}