{"id":796,"date":"2021-10-07T08:31:46","date_gmt":"2021-10-07T11:31:46","guid":{"rendered":"https:\/\/expressaoms.com.br\/?p=796"},"modified":"2021-10-07T08:31:46","modified_gmt":"2021-10-07T11:31:46","slug":"blitzes-educativas-marcam-dia-d-em-alusao-ao-dia-estadual-de-enfrentamento-ao-abuso-e-exploracao-sexual-contra-a-crianca-e-adolescente-em-tres-lagoas","status":"publish","type":"post","link":"https:\/\/expressaoms.com.br\/index.php\/2021\/10\/07\/blitzes-educativas-marcam-dia-d-em-alusao-ao-dia-estadual-de-enfrentamento-ao-abuso-e-exploracao-sexual-contra-a-crianca-e-adolescente-em-tres-lagoas\/","title":{"rendered":"Blitzes educativas marcam Dia D em alus\u00e3o ao Dia Estadual de Enfrentamento ao Abuso e Explora\u00e7\u00e3o Sexual contra a crian\u00e7a e adolescente em Tr\u00eas Lagoas"},"content":{"rendered":"<p>Dia 06 de outubro \u00e9 comemorado o Dia Estadual de Enfrentamento ao Abuso e Explora\u00e7\u00e3o Sexual contra a crian\u00e7a e adolescente em Mato Grosso do Sul e para conscientizar a popula\u00e7\u00e3o sobre o assunto, o Centro de Refer\u00eancia de Educa\u00e7\u00e3o e Assist\u00eancia Social (CREAS) est\u00e1 realizando blitzes educativas no tr\u00e2nsito de Tr\u00eas Lagoas.<\/p>\n<p>Na manh\u00e3 desta quarta-feira (06), a primeira blitz aconteceu na Avenida Ros\u00e1rio Congro, esquina com a Pra\u00e7a Ramez Tebet, onde as equipes compostas por servidores do CREAS e volunt\u00e1rios estiveram distribuindo material informativo para os transeuntes. O objetivo \u00e9 refor\u00e7ar a mensagem de prote\u00e7\u00e3o \u00e0 crian\u00e7a e ao adolescente e a import\u00e2ncia de denunciar qualquer forma de abuso.<\/p>\n<p>Considerado o Dia D da Campanha, o diretor de prote\u00e7\u00e3o social b\u00e1sica da Secretaria Municipal de Assist\u00eancia Social (SMAS), Lu\u00eds Fernando Tondeli Focchi, expos a necessidade de ampliar as campanhas como esta.<\/p>\n<p>\u201cGeralmente desenvolvemos campanhas no m\u00eas de maio, por ser o m\u00eas de mobiliza\u00e7\u00e3o nacional referente a este enfrentamento e, este \u00e9 o primeiro ano que estendemos em alus\u00e3o ao Dia Estadual. \u00c9 preciso refor\u00e7ar a divulga\u00e7\u00e3o de nossos trabalhos para a popula\u00e7\u00e3o e informar sobre os \u00f3rg\u00e3os de prote\u00e7\u00e3o e atendimento \u00e0s v\u00edtimas, al\u00e9m dos canais de den\u00fancia dispon\u00edveis\u201d, explicou.<\/p>\n<p>A coordenadora do CREAS, Silvania Amorim, informou que o n\u00famero de casos atendidos no ano passado e neste ano seguem no mesmo patamar.<\/p>\n<p>\u201cAtendemos em 2020, 94 casos de abuso e explora\u00e7\u00e3o contra a crian\u00e7a e adolescentes, sendo que 67 entre janeiro e setembro. Neste ano, no mesmo per\u00edodo, tivemos 68 casos, o que nos preocupa por n\u00e3o ter reduzido. Pedimos muito a colabora\u00e7\u00e3o de pais, parentes, amigos e demais pessoas n\u00e3o permitir que a crian\u00e7a seja v\u00edtima desse tipo de crime, denuncie!\u201d, ressaltou.<\/p>\n<p>Destes n\u00fameros, a maioria das v\u00edtimas tem menos de 13 anos de idade e 90% s\u00e3o meninas abusadas por pessoas da pr\u00f3pria fam\u00edlia ou pr\u00f3ximas. Aproximadamente 30% dos abusos s\u00e3o cometidos pelo pai da crian\u00e7a. Estes dados s\u00e3o referentes aos casos que s\u00e3o atendidos por meio do CREAS, n\u00e3o incluindo os registrados pelo Conselho Tutelar ou diretamente pela Pol\u00edcia Civil.<\/p>\n<p>PROGRAMA\u00c7\u00c3O<br \/>\nCom apoio dos agentes de tr\u00e2nsito, as blitzes continuam nos seguintes cruzamentos<br \/>\n14:30 \u00e0s 15:30 Rua Alexandre da Costa (ao lado da Biblioteca Municipal);<br \/>\n17:00 \u2013 Panfletagem nos sem\u00e1foros dos cruzamentos: Rua Parana\u00edba com a Avenida Ant\u00f4nio Trajano; Rua Elvirio M\u00e1rio Mancini com Avenida Olinto Mancini; Avenidas Olinto Mancini e Ant\u00f4nio Trajano; Avenida Filinto Muller com Rua Munir Thom\u00e9;<br \/>\n18:30 \u2013 Panfletagem na Feira Livre<\/p>\n<p>DEN\u00daNCIA<br \/>\nDen\u00fancias de casos de Abuso e Explora\u00e7\u00e3o Sexual contra a crian\u00e7a e adolescente podem ser feitas pelo telefone 100.<\/p>\n<p>&nbsp;<\/p>\n<pre>Fonte: PMTL<\/pre>\n","protected":false},"excerpt":{"rendered":"<p>Dia 06 de outubro \u00e9 comemorado o Dia Estadual de Enfrentamento ao Abuso e Explora\u00e7\u00e3o Sexual contra a crian\u00e7a e adolescente em Mato Grosso do Sul e para conscientizar a popula\u00e7\u00e3o sobre o assunto, o Centro de Refer\u00eancia de Educa\u00e7\u00e3o e Assist\u00eancia Social (CREAS) est\u00e1 realizando blitzes educativas no tr\u00e2nsito de Tr\u00eas Lagoas. Na manh\u00e3 [&hellip;]<\/p>\n","protected":false},"author":2,"featured_media":797,"comment_status":"open","ping_status":"open","sticky":false,"template":"","format":"standard","meta":{"om_disable_all_campaigns":false,"_monsterinsights_skip_tracking":false,"_monsterinsights_sitenote_active":false,"_monsterinsights_sitenote_note":"","_monsterinsights_sitenote_category":0,"footnotes":""},"categories":[36],"tags":[],"aioseo_notices":[],"_links":{"self":[{"href":"https:\/\/expressaoms.com.br\/index.php\/wp-json\/wp\/v2\/posts\/796"}],"collection":[{"href":"https:\/\/expressaoms.com.br\/index.php\/wp-json\/wp\/v2\/posts"}],"about":[{"href":"https:\/\/expressaoms.com.br\/index.php\/wp-json\/wp\/v2\/types\/post"}],"author":[{"embeddable":true,"href":"https:\/\/expressaoms.com.br\/index.php\/wp-json\/wp\/v2\/users\/2"}],"replies":[{"embeddable":true,"href":"https:\/\/expressaoms.com.br\/index.php\/wp-json\/wp\/v2\/comments?post=796"}],"version-history":[{"count":0,"href":"https:\/\/expressaoms.com.br\/index.php\/wp-json\/wp\/v2\/posts\/796\/revisions"}],"wp:featuredmedia":[{"embeddable":true,"href":"https:\/\/expressaoms.com.br\/index.php\/wp-json\/wp\/v2\/media\/797"}],"wp:attachment":[{"href":"https:\/\/expressaoms.com.br\/index.php\/wp-json\/wp\/v2\/media?parent=796"}],"wp:term":[{"taxonomy":"category","embeddable":true,"href":"https:\/\/expressaoms.com.br\/index.php\/wp-json\/wp\/v2\/categories?post=796"},{"taxonomy":"post_tag","embeddable":true,"href":"https:\/\/expressaoms.com.br\/index.php\/wp-json\/wp\/v2\/tags?post=796"}],"curies":[{"name":"wp","href":"https:\/\/api.w.org\/{rel}","templated":true}]}}