{"id":811,"date":"2021-10-07T12:10:34","date_gmt":"2021-10-07T15:10:34","guid":{"rendered":"https:\/\/expressaoms.com.br\/?p=811"},"modified":"2021-10-07T12:10:34","modified_gmt":"2021-10-07T15:10:34","slug":"autoridades-inauguram-laboratorio-de-genetica-e-biologia-molecular-e-comemoram-doacao-de-terreno-para-campus-da-ufms-em-tres-lagoas","status":"publish","type":"post","link":"https:\/\/expressaoms.com.br\/index.php\/2021\/10\/07\/autoridades-inauguram-laboratorio-de-genetica-e-biologia-molecular-e-comemoram-doacao-de-terreno-para-campus-da-ufms-em-tres-lagoas\/","title":{"rendered":"Autoridades inauguram Laborat\u00f3rio de Gen\u00e9tica e Biologia Molecular e comemoram doa\u00e7\u00e3o de terreno para campus da UFMS em Tr\u00eas Lagoas"},"content":{"rendered":"<p>Na manh\u00e3 desta quarta-feira (06), autoridades, parceiros, professores e alunos da Universidade Federal de Mato Grosso do Sul \u2013 UFMS \u2013 Campus II \u2013 Tr\u00eas Lagoas, comemoraram duas novas conquistas que v\u00e3o contribuir com o desenvolvimento de pesquisas e amplia\u00e7\u00e3o da estrutura da Institui\u00e7\u00e3o.<\/p>\n<p>Com a participa\u00e7\u00e3o da Administra\u00e7\u00e3o Municipal na amplia\u00e7\u00e3o e reforma, a dire\u00e7\u00e3o da UFMS local concluiu e inaugurou nesta data, o Laborat\u00f3rio de Gen\u00e9tica e Biologia Molecular. De acordo com o coordenador do laborat\u00f3rio, Professor Dr. Edis Belini Junior, o local estar\u00e1 \u00e0 frente da an\u00e1lise dos exames moleculares de COVID-19, auxiliando a demanda da rede p\u00fablica de sa\u00fade de Tr\u00eas Lagoas e pesquisas na mesma tem\u00e1tica.<\/p>\n<p>O laborat\u00f3rio j\u00e1 \u00e9 considerado refer\u00eancia nacional para o diagn\u00f3stico molecular das hemoglobinopatias, como doen\u00e7a falciforme e talassemia (tipos de anemias heredit\u00e1rias), que atende v\u00e1rios laborat\u00f3rios do pa\u00eds.<\/p>\n<p>Na solenidade, o vice-prefeito Paulo Salom\u00e3o representou o prefeito Angelo Guerreiro e falou sobre a parceria entre a Universidade e o Poder P\u00fablico Municipal.<\/p>\n<p>\u201cEstamos muito felizes por este projeto ter sido conclu\u00eddo e logo iniciar os trabalhos. Esta conquista representa o avan\u00e7o na medicina de Tr\u00eas Lagoas e do Estado, que nos coloca no patamar de cidades com centros de pesquisa e laborat\u00f3rios inovadores, ampliando ainda mais este processo de desenvolvimento pelo qual passamos. Certeza de que seremos refer\u00eancia no pa\u00eds\u201d, disse.<\/p>\n<p>O diretor Osmar Jesus Macedo agradeceu a presen\u00e7a e participa\u00e7\u00e3o de todos e mencionou o quanto o laborat\u00f3rio ir\u00e1 contribuir para o Munic\u00edpio. \u201cTr\u00eas Lagoas ter\u00e1 um centro avan\u00e7ado, com equipamentos modernos para atender a demanda local, podendo inclusive, receber a demanda de outros munic\u00edpios, reduzindo assim o tempo de espera da popula\u00e7\u00e3o para saber o resultado de um exame. Agrade\u00e7o imensamente ao Minist\u00e9rio P\u00fablico do Trabalho e ao prefeito Angelo Guerreiro por tudo o que a UFMS conquistou com essa parceria\u201d, declarou.<\/p>\n<p>OBRA<\/p>\n<p>Or\u00e7ada em aproximadamente R$ 160 mil, o recurso financeiro foi destinado pelo Minist\u00e9rio P\u00fablico do Trabalho e a obra executada pela Prefeitura de Tr\u00eas Lagoas, incluindo a aquisi\u00e7\u00e3o do sistema de climatiza\u00e7\u00e3o.<\/p>\n<p>ESCRITURA DE DOA\u00c7\u00c3O DE \u00c1REA<\/p>\n<p>Na mesma oportunidade, a dire\u00e7\u00e3o da UFMS, o vice-prefeito e os vereadores presentes apresentaram a escritura de doa\u00e7\u00e3o de \u00e1rea feita pela Prefeitura de Tr\u00eas Lagoas \u00e0 institui\u00e7\u00e3o.<\/p>\n<p>O Campus II conta agora com a posse real de dois terrenos para ampliar as instala\u00e7\u00f5es e edifica\u00e7\u00f5es necess\u00e1rias. Estas \u00e1reas j\u00e1 estavam em uso pela UFMS desde 1986, por\u00e9m, por concess\u00e3o pelo prazo de 20 anos.<\/p>\n<p>\u201cMais uma vez, o Guerreiro e os vereadores demonstraram sensibilidade e parceria com a Educa\u00e7\u00e3o Superior. Nosso pedido foi atendido e agora podemos ampliar nossas instala\u00e7\u00f5es e termos a tranquilidade de assumir servi\u00e7os e melhorias nestes terrenos\u201d, agradeceu.<\/p>\n<p>S\u00e3o duas \u00e1reas sendo aproximadamente 10.562 metros quadrados na lateral e 20.551 metros quadrados aos fundos.<\/p>\n<p>Estiveram presentes na solenidade, o reitor geral da UFMS, Marcelo Turini, os secret\u00e1rios municipais de Governo, Dainler Leonel Martins, de Infraestrutura, Adriano Barreto, de Sa\u00fade, Elaine F\u00fario, procuradora do Trabalho Claudia Noriler, deputado estadual Dagoberto Nogueira, vereadores Cassiano Maia, Evalda Reis e Issam Fares Junior, professores Edis Belini Junior, Osmar Jesus Macedo, Larissa Barcelos e Priscila Balderrama.<\/p>\n","protected":false},"excerpt":{"rendered":"<p>Na manh\u00e3 desta quarta-feira (06), autoridades, parceiros, professores e alunos da Universidade Federal de Mato Grosso do Sul \u2013 UFMS \u2013 Campus II \u2013 Tr\u00eas Lagoas, comemoraram duas novas conquistas que v\u00e3o contribuir com o desenvolvimento de pesquisas e amplia\u00e7\u00e3o da estrutura da Institui\u00e7\u00e3o. Com a participa\u00e7\u00e3o da Administra\u00e7\u00e3o Municipal na amplia\u00e7\u00e3o e reforma, a [&hellip;]<\/p>\n","protected":false},"author":2,"featured_media":812,"comment_status":"open","ping_status":"open","sticky":false,"template":"","format":"standard","meta":{"om_disable_all_campaigns":false,"_monsterinsights_skip_tracking":false,"_monsterinsights_sitenote_active":false,"_monsterinsights_sitenote_note":"","_monsterinsights_sitenote_category":0,"footnotes":""},"categories":[36],"tags":[127,172],"aioseo_notices":[],"_links":{"self":[{"href":"https:\/\/expressaoms.com.br\/index.php\/wp-json\/wp\/v2\/posts\/811"}],"collection":[{"href":"https:\/\/expressaoms.com.br\/index.php\/wp-json\/wp\/v2\/posts"}],"about":[{"href":"https:\/\/expressaoms.com.br\/index.php\/wp-json\/wp\/v2\/types\/post"}],"author":[{"embeddable":true,"href":"https:\/\/expressaoms.com.br\/index.php\/wp-json\/wp\/v2\/users\/2"}],"replies":[{"embeddable":true,"href":"https:\/\/expressaoms.com.br\/index.php\/wp-json\/wp\/v2\/comments?post=811"}],"version-history":[{"count":0,"href":"https:\/\/expressaoms.com.br\/index.php\/wp-json\/wp\/v2\/posts\/811\/revisions"}],"wp:featuredmedia":[{"embeddable":true,"href":"https:\/\/expressaoms.com.br\/index.php\/wp-json\/wp\/v2\/media\/812"}],"wp:attachment":[{"href":"https:\/\/expressaoms.com.br\/index.php\/wp-json\/wp\/v2\/media?parent=811"}],"wp:term":[{"taxonomy":"category","embeddable":true,"href":"https:\/\/expressaoms.com.br\/index.php\/wp-json\/wp\/v2\/categories?post=811"},{"taxonomy":"post_tag","embeddable":true,"href":"https:\/\/expressaoms.com.br\/index.php\/wp-json\/wp\/v2\/tags?post=811"}],"curies":[{"name":"wp","href":"https:\/\/api.w.org\/{rel}","templated":true}]}}