{"id":815,"date":"2021-10-07T14:41:34","date_gmt":"2021-10-07T17:41:34","guid":{"rendered":"https:\/\/expressaoms.com.br\/?p=815"},"modified":"2021-10-07T14:41:34","modified_gmt":"2021-10-07T17:41:34","slug":"prefeitura-de-tl-realiza-audiencias-publicas-ppa-e-loa-na-camara-municipal-da-cidade","status":"publish","type":"post","link":"https:\/\/expressaoms.com.br\/index.php\/2021\/10\/07\/prefeitura-de-tl-realiza-audiencias-publicas-ppa-e-loa-na-camara-municipal-da-cidade\/","title":{"rendered":"Prefeitura de TL realiza Audi\u00eancias P\u00fablicas (PPA e LOA) na C\u00e2mara Municipal da Cidade"},"content":{"rendered":"<p>A Secretaria Municipal de Finan\u00e7as Receita e Controle (SEFIRC) realizou nos dias 06 e 07, no Plen\u00e1rio da C\u00e2mara Municipal, duas audi\u00eancias p\u00fablicas; sendo do Plano Plurianual (PPA \u2013 2022-2025) e da Lei Or\u00e7ament\u00e1ria Anual 2022, consecutivamente.<\/p>\n<p>Nas apresenta\u00e7\u00f5es, o Diretor de Finan\u00e7as e Controle, Reinaldo Anjos, abordou aos presentes como funciona o planejamento no setor p\u00fablico, discorrendo sobre a import\u00e2ncia da administra\u00e7\u00e3o p\u00fablica na cria\u00e7\u00e3o de pol\u00edticas p\u00fablicas, voltadas para a solu\u00e7\u00e3o dos problemas da popula\u00e7\u00e3o, atrav\u00e9s do Planejamento Governamental (PPA, LDO e LOA).<\/p>\n<p>&#8220;O sistema de planejamento \u00e9 constitu\u00eddo a partir de tr\u00eas leis, que definem como a Prefeitura pode fazer investimentos ou manter suas atividades no munic\u00edpio e para isso \u00e9 preciso o planejamento feito a m\u00e9dio e longo prazo no PPA, essas a\u00e7\u00f5es ser\u00e3o regulamentadas atrav\u00e9s das diretrizes criadas anualmente pela LDO, que possibilitaram a previs\u00e3o de receitas e a estimativa de despesas, que faram parte da Lei Or\u00e7ament\u00e1ria Anual (LOA)&#8221;, disse.<\/p>\n<p><strong>Plano Plurianual (PPA)<\/strong><\/p>\n<p>O Plano Plurianual (PPA) tem por finalidade estabelecer objetivos e metas para os pr\u00f3ximos 4 anos. Entre os assuntos apresentados na audi\u00eancia estavam: como funciona o planejamento, quais suas etapas, como \u00e9 feita a constru\u00e7\u00e3o dos programas de governo, o resultado da Consulta P\u00fablica com suas demandas e problemas identificados, as metas priorit\u00e1rias de cada secretaria, al\u00e9m da previs\u00e3o de receita e estimativa das despesas para os anos 2022-2025.<\/p>\n<p><strong>Lei Or\u00e7ament\u00e1ria Anual 2022.<\/strong><\/p>\n<p>A LOA tem por finalidade a concretiza\u00e7\u00e3o dos objetivos e metas estabelecidas no Plano Plurianual, cujo cumprimento \u00e9 ano a ano das etapas do PPA, em conson\u00e2ncia com a LDO e a LRF.<\/p>\n<p>Na apresenta\u00e7\u00e3o Reinaldo apontou a receita prevista para 2022 apresentando os valores de todas as \u00e1reas tais como Impostos, taxas e contribui\u00e7\u00f5es de melhoria, contribui\u00e7\u00f5es, receita patrimonial, entre outros, chegando ao total de R$ 900 milh\u00f5es.<\/p>\n<p>As Receitas por Origem tamb\u00e9m foram apresentadas, tais como Receitas Ordin\u00e1rias, da Uni\u00e3o, do Estado, Transfer\u00eancias, FUNDEB, Receita de Capital, Intraor\u00e7ament\u00e1ria e Dedu\u00e7\u00f5es de Transfer\u00eancias.<\/p>\n<p>Para Reinaldo o desafio est\u00e1 no princ\u00edpio do equil\u00edbrio. &#8220;O princ\u00edpio do equil\u00edbrio fiscal significa que todas as despesas fixadas devem estar cobertas pelas receitas previstas. S\u00f3 se gasta aquilo que se arrecada&#8221;, explicou.<\/p>\n<p>As despesas tamb\u00e9m foram apresentadas, tanto as previstas para o pr\u00f3ximo ano, quanto as de cada \u00f3rg\u00e3o da Prefeitura.<\/p>\n<p>Por fim a audi\u00eancia abordou os limites constitucionais e a aplica\u00e7\u00e3o na manuten\u00e7\u00e3o e desenvolvimento do ensino incluindo as receitas do FUNDEB. A aplica\u00e7\u00e3o em a\u00e7\u00f5es e servi\u00e7os p\u00fablicos de sa\u00fade tamb\u00e9m foram discutidas finalizando a apresenta\u00e7\u00e3o com o percentual de gastos com pessoal.<\/p>\n<p>&nbsp;<\/p>\n<pre>Fonte: PMTL<\/pre>\n","protected":false},"excerpt":{"rendered":"<p>A Secretaria Municipal de Finan\u00e7as Receita e Controle (SEFIRC) realizou nos dias 06 e 07, no Plen\u00e1rio da C\u00e2mara Municipal, duas audi\u00eancias p\u00fablicas; sendo do Plano Plurianual (PPA \u2013 2022-2025) e da Lei Or\u00e7ament\u00e1ria Anual 2022, consecutivamente. Nas apresenta\u00e7\u00f5es, o Diretor de Finan\u00e7as e Controle, Reinaldo Anjos, abordou aos presentes como funciona o planejamento no [&hellip;]<\/p>\n","protected":false},"author":3,"featured_media":817,"comment_status":"open","ping_status":"open","sticky":false,"template":"","format":"standard","meta":{"om_disable_all_campaigns":false,"_monsterinsights_skip_tracking":false,"_monsterinsights_sitenote_active":false,"_monsterinsights_sitenote_note":"","_monsterinsights_sitenote_category":0,"footnotes":""},"categories":[42],"tags":[116,144,145],"aioseo_notices":[],"_links":{"self":[{"href":"https:\/\/expressaoms.com.br\/index.php\/wp-json\/wp\/v2\/posts\/815"}],"collection":[{"href":"https:\/\/expressaoms.com.br\/index.php\/wp-json\/wp\/v2\/posts"}],"about":[{"href":"https:\/\/expressaoms.com.br\/index.php\/wp-json\/wp\/v2\/types\/post"}],"author":[{"embeddable":true,"href":"https:\/\/expressaoms.com.br\/index.php\/wp-json\/wp\/v2\/users\/3"}],"replies":[{"embeddable":true,"href":"https:\/\/expressaoms.com.br\/index.php\/wp-json\/wp\/v2\/comments?post=815"}],"version-history":[{"count":0,"href":"https:\/\/expressaoms.com.br\/index.php\/wp-json\/wp\/v2\/posts\/815\/revisions"}],"wp:featuredmedia":[{"embeddable":true,"href":"https:\/\/expressaoms.com.br\/index.php\/wp-json\/wp\/v2\/media\/817"}],"wp:attachment":[{"href":"https:\/\/expressaoms.com.br\/index.php\/wp-json\/wp\/v2\/media?parent=815"}],"wp:term":[{"taxonomy":"category","embeddable":true,"href":"https:\/\/expressaoms.com.br\/index.php\/wp-json\/wp\/v2\/categories?post=815"},{"taxonomy":"post_tag","embeddable":true,"href":"https:\/\/expressaoms.com.br\/index.php\/wp-json\/wp\/v2\/tags?post=815"}],"curies":[{"name":"wp","href":"https:\/\/api.w.org\/{rel}","templated":true}]}}