{"id":837,"date":"2021-10-07T15:41:28","date_gmt":"2021-10-07T18:41:28","guid":{"rendered":"https:\/\/expressaoms.com.br\/?p=837"},"modified":"2021-10-07T15:41:28","modified_gmt":"2021-10-07T18:41:28","slug":"camara-aprova-mp-que-cria-o-programa-de-estimulo-ao-credito","status":"publish","type":"post","link":"https:\/\/expressaoms.com.br\/index.php\/2021\/10\/07\/camara-aprova-mp-que-cria-o-programa-de-estimulo-ao-credito\/","title":{"rendered":"C\u00e2mara aprova MP que cria o Programa de Est\u00edmulo ao Cr\u00e9dito"},"content":{"rendered":"<p>A C\u00e2mara dos Deputados aprovou hoje (7) a Medida Provis\u00f3ria (MP) 1057\/21, que trata do Programa de Est\u00edmulo ao Cr\u00e9dito (PEC) voltado para microempreendedores individuais, microempresas, empresas de pequeno porte e a produtores rurais,\u00a0com faturamento anual de at\u00e9 R$ 4,8 milh\u00f5es. O texto agora\u00a0 segue para an\u00e1lise do Senado.<img decoding=\"async\" src=\"https:\/\/agenciabrasil.ebc.com.br\/ebc.png?id=1423847&amp;o=node\" \/><img decoding=\"async\" src=\"https:\/\/agenciabrasil.ebc.com.br\/ebc.gif?id=1423847&amp;o=node\" \/><\/p>\n<p>De acordo com o relator da MP, Hugo Motta (Republicanos-PB), o programa deve gerar at\u00e9 R$ 48 bilh\u00f5es em cr\u00e9dito.<\/p>\n<p>\u201cN\u00e3o h\u00e1 d\u00favida que o Programa de Est\u00edmulo ao Cr\u00e9dito \u00e9 um importante passo na retomada da economia, principalmente para os pequenos e m\u00e9dios neg\u00f3cios criando incentivos para as institui\u00e7\u00f5es financeiras emprestarem a essas companhias e empreendedores\u201d, disse o deputado.<\/p>\n<p>Pelo\u00a0<a href=\"https:\/\/www.camara.leg.br\/proposicoesWeb\/prop_mostrarintegra?codteor=2040144&amp;filename=MPV+1057\/2021\" target=\"_blank\" rel=\"noopener\">texto aprovado<\/a>, os empr\u00e9stimos do PEC dever\u00e3o ser contratados at\u00e9 o dia 31 de dezembro de 2021.<\/p>\n<p>O texto diz ainda que as institui\u00e7\u00f5es banc\u00e1rias devem assumir os riscos da concess\u00e3o dos empr\u00e9stimos e que essas opera\u00e7\u00f5es n\u00e3o contar\u00e3o com qualquer garantia da Uni\u00e3o ou de entidade p\u00fablica, bem como n\u00e3o ter\u00e3o qualquer tipo de previs\u00e3o de aporte de recursos p\u00fablicos ou equaliza\u00e7\u00e3o de taxa de juros por parte da Uni\u00e3o.<\/p>\n<p>Caber\u00e1 ao Conselho Monet\u00e1rio Nacional (CMN) definir as condi\u00e7\u00f5es, os prazos, as regras para concess\u00e3o e as caracter\u00edsticas das opera\u00e7\u00f5es de cr\u00e9dito.<\/p>\n<p>O programa ser\u00e1 supervisionado pelo Banco Central. Administradoras de cons\u00f3rcio e cooperativas de cr\u00e9dito n\u00e3o poder\u00e3o participar do programa. Como incentivo para o empr\u00e9stimo, as institui\u00e7\u00f5es participantes do programa, poder\u00e3o gerar cr\u00e9dito presumido at\u00e9 31 de dezembro de 2026.<\/p>\n<p>&nbsp;<\/p>\n<pre>Fonte: Ag\u00eancia Brasil<\/pre>\n","protected":false},"excerpt":{"rendered":"<p>A C\u00e2mara dos Deputados aprovou hoje (7) a Medida Provis\u00f3ria (MP) 1057\/21, que trata do Programa de Est\u00edmulo ao Cr\u00e9dito (PEC) voltado para microempreendedores individuais, microempresas, empresas de pequeno porte e a produtores rurais,\u00a0com faturamento anual de at\u00e9 R$ 4,8 milh\u00f5es. O texto agora\u00a0 segue para an\u00e1lise do Senado. De acordo com o relator da [&hellip;]<\/p>\n","protected":false},"author":3,"featured_media":838,"comment_status":"open","ping_status":"open","sticky":false,"template":"","format":"standard","meta":{"om_disable_all_campaigns":false,"_monsterinsights_skip_tracking":false,"_monsterinsights_sitenote_active":false,"_monsterinsights_sitenote_note":"","_monsterinsights_sitenote_category":0,"footnotes":""},"categories":[42],"tags":[],"aioseo_notices":[],"_links":{"self":[{"href":"https:\/\/expressaoms.com.br\/index.php\/wp-json\/wp\/v2\/posts\/837"}],"collection":[{"href":"https:\/\/expressaoms.com.br\/index.php\/wp-json\/wp\/v2\/posts"}],"about":[{"href":"https:\/\/expressaoms.com.br\/index.php\/wp-json\/wp\/v2\/types\/post"}],"author":[{"embeddable":true,"href":"https:\/\/expressaoms.com.br\/index.php\/wp-json\/wp\/v2\/users\/3"}],"replies":[{"embeddable":true,"href":"https:\/\/expressaoms.com.br\/index.php\/wp-json\/wp\/v2\/comments?post=837"}],"version-history":[{"count":0,"href":"https:\/\/expressaoms.com.br\/index.php\/wp-json\/wp\/v2\/posts\/837\/revisions"}],"wp:featuredmedia":[{"embeddable":true,"href":"https:\/\/expressaoms.com.br\/index.php\/wp-json\/wp\/v2\/media\/838"}],"wp:attachment":[{"href":"https:\/\/expressaoms.com.br\/index.php\/wp-json\/wp\/v2\/media?parent=837"}],"wp:term":[{"taxonomy":"category","embeddable":true,"href":"https:\/\/expressaoms.com.br\/index.php\/wp-json\/wp\/v2\/categories?post=837"},{"taxonomy":"post_tag","embeddable":true,"href":"https:\/\/expressaoms.com.br\/index.php\/wp-json\/wp\/v2\/tags?post=837"}],"curies":[{"name":"wp","href":"https:\/\/api.w.org\/{rel}","templated":true}]}}