{"id":853,"date":"2021-10-08T09:13:16","date_gmt":"2021-10-08T12:13:16","guid":{"rendered":"https:\/\/expressaoms.com.br\/?p=853"},"modified":"2021-10-08T09:13:16","modified_gmt":"2021-10-08T12:13:16","slug":"feriado-sera-de-tempo-nublado-e-chuvoso-em-mato-grosso-do-sul","status":"publish","type":"post","link":"https:\/\/expressaoms.com.br\/index.php\/2021\/10\/08\/feriado-sera-de-tempo-nublado-e-chuvoso-em-mato-grosso-do-sul\/","title":{"rendered":"Feriado ser\u00e1 de tempo nublado e chuvoso em Mato Grosso do Sul"},"content":{"rendered":"<p><em>A meteorologia indica que o feriado ser\u00e1 marcado por chuvas fortes e eventual queda de granizo nas regi\u00f5es sudeste, central e leste do Estado.<\/em><\/p>\n<p>&nbsp;<\/p>\n<p><span data-uw-styling-context=\"true\">A meteorologia indica que o feriado de outubro ser\u00e1 marcado por temporais em v\u00e1rias \u00e1reas do Brasil. Segundo o Climatempo, a passagem de uma frente fria e a circula\u00e7\u00e3o dos ventos associada a um sistema de baixa press\u00e3o atmosf\u00e9rica no Paraguai, vai formar muitas \u00e1reas de instabilidade pelo pa\u00eds, incluindo a regi\u00e3o Centro-Oeste.\u00a0<\/span><\/p>\n<p><span data-uw-styling-context=\"true\">Em Mato Grosso do Sul a tend\u00eancia \u00e9 de chuva com grandes acumulados. A atua\u00e7\u00e3o de um sistema de baixa press\u00e3o atmosf\u00e9rica vai colaborar para a forma\u00e7\u00e3o de nuvens bastante carregadas, especialmente na regi\u00e3o sul do estado, que deve receber chuva frequente e volumosa.\u00a0<\/span><\/p>\n<p><span data-uw-styling-context=\"true\">Estimativa do Centro de Monitoramento do Tempo e do Clima (Cemtec) aponta para probabilidade para pancadas de chuvas de moderada a forte e tempestades acompanhadas de raios, rajadas de vento (30-60Km\/h) e eventual queda de granizo nas regi\u00f5es sudeste, central e leste, e por\u00e7\u00e3o sul da regi\u00e3o pantaneira.\u00a0<\/span><\/p>\n<p><span data-uw-styling-context=\"true\">J\u00e1 na ter\u00e7a-feira (12) dia de Nossa Senhora Aparecida, a tend\u00eancia \u00e9 de tempo firme com varia\u00e7\u00e3o de nebulosidade nas regi\u00f5es centro-sul, e chance de pancadas de chuva e tempestades isoladas no restante do estado.\u00a0<\/span><\/p>\n<p><span data-uw-styling-context=\"true\">As temperaturas devem permanecer agrad\u00e1veis ao longo do final de semana e feriado, com m\u00ednimas de 18\u00b0C e m\u00e1ximas na casa dos 35\u00b0C.\u00a0<\/span><\/p>\n<p><span data-uw-styling-context=\"true\">Confira no mapa elaborado pelo Cemtec, as condi\u00e7\u00f5es de tempo e temperatura estimados para esta sexta-feira (08) em Mato Grosso do Sul.\u00a0<\/span><\/p>\n<p><img fetchpriority=\"high\" decoding=\"async\" class=\"alignnone size-medium wp-image-854\" src=\"https:\/\/expressaoms.com.br\/wp-content\/uploads\/2021\/10\/mapa-tempo-8-outubro-608x460.png\" alt=\"\" width=\"608\" height=\"460\" \/><\/p>\n<p>&nbsp;<\/p>\n<p><b data-uw-styling-context=\"true\">Volumes esperados de chuva<\/b><\/p>\n<p><span data-uw-styling-context=\"true\">Conforme previs\u00e3o estendida de precipita\u00e7\u00e3o do Cemtec, os acumulados esperados at\u00e9 o dia 15 de outubro ser\u00e3o significativos, entre 70 mm a 175 mm para as regi\u00f5es sudeste, leste e nordeste. No restante do Estado, os acumulados de chuvas previstos s\u00e3o menores e podem variar entre 15 mm a 60 mm.<\/span><\/p>\n<p><span data-uw-styling-context=\"true\">No per\u00edodo entre 115 a 23 de outubro, h\u00e1 probabilidade de chuvas de moderada a forte com tempestades acompanhadas de raios, rajadas de vento e eventual queda de granizo com acumulados de chuva entre 50 mm a 90 mm em grande parte do estado.<\/span><\/p>\n<p>&nbsp;<\/p>\n<pre>Fonte: Governo do Estado<\/pre>\n","protected":false},"excerpt":{"rendered":"<p>A meteorologia indica que o feriado ser\u00e1 marcado por chuvas fortes e eventual queda de granizo nas regi\u00f5es sudeste, central e leste do Estado. &nbsp; A meteorologia indica que o feriado de outubro ser\u00e1 marcado por temporais em v\u00e1rias \u00e1reas do Brasil. Segundo o Climatempo, a passagem de uma frente fria e a circula\u00e7\u00e3o dos [&hellip;]<\/p>\n","protected":false},"author":3,"featured_media":855,"comment_status":"open","ping_status":"open","sticky":false,"template":"","format":"standard","meta":{"om_disable_all_campaigns":false,"_monsterinsights_skip_tracking":false,"_monsterinsights_sitenote_active":false,"_monsterinsights_sitenote_note":"","_monsterinsights_sitenote_category":0,"footnotes":""},"categories":[36,47],"tags":[118,166],"aioseo_notices":[],"_links":{"self":[{"href":"https:\/\/expressaoms.com.br\/index.php\/wp-json\/wp\/v2\/posts\/853"}],"collection":[{"href":"https:\/\/expressaoms.com.br\/index.php\/wp-json\/wp\/v2\/posts"}],"about":[{"href":"https:\/\/expressaoms.com.br\/index.php\/wp-json\/wp\/v2\/types\/post"}],"author":[{"embeddable":true,"href":"https:\/\/expressaoms.com.br\/index.php\/wp-json\/wp\/v2\/users\/3"}],"replies":[{"embeddable":true,"href":"https:\/\/expressaoms.com.br\/index.php\/wp-json\/wp\/v2\/comments?post=853"}],"version-history":[{"count":0,"href":"https:\/\/expressaoms.com.br\/index.php\/wp-json\/wp\/v2\/posts\/853\/revisions"}],"wp:featuredmedia":[{"embeddable":true,"href":"https:\/\/expressaoms.com.br\/index.php\/wp-json\/wp\/v2\/media\/855"}],"wp:attachment":[{"href":"https:\/\/expressaoms.com.br\/index.php\/wp-json\/wp\/v2\/media?parent=853"}],"wp:term":[{"taxonomy":"category","embeddable":true,"href":"https:\/\/expressaoms.com.br\/index.php\/wp-json\/wp\/v2\/categories?post=853"},{"taxonomy":"post_tag","embeddable":true,"href":"https:\/\/expressaoms.com.br\/index.php\/wp-json\/wp\/v2\/tags?post=853"}],"curies":[{"name":"wp","href":"https:\/\/api.w.org\/{rel}","templated":true}]}}