{"id":857,"date":"2021-10-08T09:23:13","date_gmt":"2021-10-08T12:23:13","guid":{"rendered":"https:\/\/expressaoms.com.br\/?p=857"},"modified":"2021-10-08T09:23:13","modified_gmt":"2021-10-08T12:23:13","slug":"reu-e-condenado-a-quase-27-anos-de-prisao-por-tentativa-de-homicidio-da-ex-companheira-e-de-enteado-em-tres-lagoas","status":"publish","type":"post","link":"https:\/\/expressaoms.com.br\/index.php\/2021\/10\/08\/reu-e-condenado-a-quase-27-anos-de-prisao-por-tentativa-de-homicidio-da-ex-companheira-e-de-enteado-em-tres-lagoas\/","title":{"rendered":"R\u00e9u \u00e9 condenado a quase 27 anos de pris\u00e3o por tentativa de homic\u00eddio da ex-companheira e de enteado em Tr\u00eas Lagoas"},"content":{"rendered":"<p class=\"u-text--justified\">Nesta \u00faltima quarta-feira (6\/10), no Munic\u00edpio de Tr\u00eas Lagoas, N.L.M foi condenado pela tentativa de homic\u00eddio triplamente qualificado, ap\u00f3s den\u00fancia do Minist\u00e9rio P\u00fablico de Mato Grosso do Sul. O Conselho de Senten\u00e7a reconheceu a materialidade do crime e agravantes, considerando o r\u00e9u culpado por tentar assassinar a ex-companheira e o filho dela a golpes de faca.<\/p>\n<p class=\"u-text--justified\">O Juiz Rodrigo Pedrini Marcos da 1\u00aa Vara Criminal de Tr\u00eas Lagoas fixou a pena de reclus\u00e3o em 26 anos, 11 meses e 16 dias em regime fechado, aceitando assim as qualificadoras apresentadas pelo titular da 9\u00aa Promotoria de Justi\u00e7a de Tr\u00eas Lagoas, Luciano Anechini Lara Leite: motiva\u00e7\u00e3o f\u00fatil mediante recurso que dificultou a defesa da v\u00edtima e crime praticado contra mulher por raz\u00f5es da condi\u00e7\u00e3o de sexo feminino (feminic\u00eddio).<\/p>\n<p class=\"u-text--justified\">Ao condenado cabe recurso, por\u00e9m n\u00e3o poder\u00e1 faz\u00ea-lo em liberdade.<\/p>\n<p class=\"u-text--justified\"><strong>Entenda o Caso<\/strong><\/p>\n<p class=\"u-text--justified\">O autor e a v\u00edtima conviveram em uni\u00e3o est\u00e1vel por cerca de 15 anos e estavam separados h\u00e1 aproximadamente 2 meses. Segundo consta nos autos, o acusado n\u00e3o se conformou com o t\u00e9rmino do relacionamento, passando a importunar e amea\u00e7ar a v\u00edtima, al\u00e9m de insistir para que reatassem a rela\u00e7\u00e3o.<\/p>\n<p class=\"u-text--justified\">No dia dos fatos, consta que a v\u00edtima, juntamente com seu filho e sua nora, foi em uma festa na casa de shows denominada \u201cCasa do Matheus\u201d. Pr\u00f3ximo ao hor\u00e1rio de irem embora, quando j\u00e1 estavam perto da porta de sa\u00edda do estabelecimento, o filho da v\u00edtima visualizou o autor, que caminhou em dire\u00e7\u00e3o a eles e sem que a v\u00edtima percebesse, rapidamente, segurou-a e desferiu um golpe de faca na lateral do t\u00f3rax. Quando o r\u00e9u se preparava para desferir outros golpes contra a v\u00edtima, o enteado R.L.P.N conseguiu segur\u00e1-lo e acabou sendo atingido tamb\u00e9m por um golpe de faca. O autor foi contido por R.L.P.N e por populares, sendo as v\u00edtimas socorridas em seguida.<\/p>\n<p>&nbsp;<\/p>\n<pre>Fonte: MPMS<\/pre>\n","protected":false},"excerpt":{"rendered":"<p>Nesta \u00faltima quarta-feira (6\/10), no Munic\u00edpio de Tr\u00eas Lagoas, N.L.M foi condenado pela tentativa de homic\u00eddio triplamente qualificado, ap\u00f3s den\u00fancia do Minist\u00e9rio P\u00fablico de Mato Grosso do Sul. O Conselho de Senten\u00e7a reconheceu a materialidade do crime e agravantes, considerando o r\u00e9u culpado por tentar assassinar a ex-companheira e o filho dela a golpes de [&hellip;]<\/p>\n","protected":false},"author":3,"featured_media":860,"comment_status":"open","ping_status":"open","sticky":false,"template":"","format":"standard","meta":{"om_disable_all_campaigns":false,"_monsterinsights_skip_tracking":false,"_monsterinsights_sitenote_active":false,"_monsterinsights_sitenote_note":"","_monsterinsights_sitenote_category":0,"footnotes":""},"categories":[37],"tags":[172],"aioseo_notices":[],"_links":{"self":[{"href":"https:\/\/expressaoms.com.br\/index.php\/wp-json\/wp\/v2\/posts\/857"}],"collection":[{"href":"https:\/\/expressaoms.com.br\/index.php\/wp-json\/wp\/v2\/posts"}],"about":[{"href":"https:\/\/expressaoms.com.br\/index.php\/wp-json\/wp\/v2\/types\/post"}],"author":[{"embeddable":true,"href":"https:\/\/expressaoms.com.br\/index.php\/wp-json\/wp\/v2\/users\/3"}],"replies":[{"embeddable":true,"href":"https:\/\/expressaoms.com.br\/index.php\/wp-json\/wp\/v2\/comments?post=857"}],"version-history":[{"count":0,"href":"https:\/\/expressaoms.com.br\/index.php\/wp-json\/wp\/v2\/posts\/857\/revisions"}],"wp:featuredmedia":[{"embeddable":true,"href":"https:\/\/expressaoms.com.br\/index.php\/wp-json\/wp\/v2\/media\/860"}],"wp:attachment":[{"href":"https:\/\/expressaoms.com.br\/index.php\/wp-json\/wp\/v2\/media?parent=857"}],"wp:term":[{"taxonomy":"category","embeddable":true,"href":"https:\/\/expressaoms.com.br\/index.php\/wp-json\/wp\/v2\/categories?post=857"},{"taxonomy":"post_tag","embeddable":true,"href":"https:\/\/expressaoms.com.br\/index.php\/wp-json\/wp\/v2\/tags?post=857"}],"curies":[{"name":"wp","href":"https:\/\/api.w.org\/{rel}","templated":true}]}}