{"id":8699,"date":"2022-06-03T12:44:23","date_gmt":"2022-06-03T15:44:23","guid":{"rendered":"https:\/\/expressaoms.com.br\/?p=8699"},"modified":"2022-06-03T12:48:23","modified_gmt":"2022-06-03T15:48:23","slug":"secretario-de-administracao-e-convocado-para-dar-explicacoes-aos-vereadores-em-ribas-do-rio-pardo","status":"publish","type":"post","link":"https:\/\/expressaoms.com.br\/index.php\/2022\/06\/03\/secretario-de-administracao-e-convocado-para-dar-explicacoes-aos-vereadores-em-ribas-do-rio-pardo\/","title":{"rendered":"Secret\u00e1rio de Administra\u00e7\u00e3o \u00e9 convocado para dar explica\u00e7\u00f5es aos vereadores em Ribas do Rio Pardo"},"content":{"rendered":"<p>Os vereadores de Ribas do Rio Pardo decidiram por Por 7 votos a 2, na sess\u00e3o desta semana, convocarem o secret\u00e1rio de Administra\u00e7\u00e3o da prefeitura, Manoel dos Anjos, para dar explica\u00e7\u00f5es em Plen\u00e1rio. O servidor, agora, tem a obriga\u00e7\u00e3o legal de comparecer \u00e0 pr\u00f3xima sess\u00e3o ordin\u00e1ria (07\/06) para responder aos questionamentos dos parlamentares.<\/p>\n<p>A convoca\u00e7\u00e3o foi feita atrav\u00e9s do Requerimento 47\/22, de autoria de Nego da Borracharia (PSD), Pastor Isac (PTB), Tiago do Zico (PSDB), Tania Ferreira (Solidariedade) e Ederv\u00e2nia Malta (MDB). Al\u00e9m desses, Paulo da Pax (MDB) e Rose Pereira (Psol) tamb\u00e9m votaram favoravelmente. Os votos contr\u00e1rios foram de Casc\u00e3ozinho (PSC) e Luiz do Sindicato (MDB).<\/p>\n<p>Durante a delibera\u00e7\u00e3o do Requerimento, cinco vereadores se manifestaram sobre a proposi\u00e7\u00e3o. Confira trechos dos posicionamentos abaixo.<\/p>\n<p><b>Luiz do Sindicato<\/b><\/p>\n<p>\u201cEu n\u00e3o sou de acordo de traz\u00ea-lo em sess\u00e3o. Se fosse convoca-lo para vir aqui dar explica\u00e7\u00f5es fora da nossa sess\u00e3o da C\u00e2mara, eu sou de acordo, sim. S\u00f3 acho que nossa sess\u00e3o deve ser sess\u00e3o das nossas indica\u00e7\u00f5es, requerimentos, projetos de lei, e n\u00e3o para trazer pessoas aqui para nos dar explica\u00e7\u00e3o\u201d, disse o vereador, complementando que o debate poderia at\u00e9 ser filmado e transmitido, mas desde que fosse fora da sess\u00e3o.<\/p>\n<p><b>Nego da Borracharia<\/b><\/p>\n<p>\u201cO povo precisa de visibilidade. A popula\u00e7\u00e3o tem que saber no que o Manoel \u00e9 respons\u00e1vel e no que n\u00e3o \u00e9. Na sess\u00e3o passada, o pr\u00f3prio secret\u00e1rio Nizael descarregou uma s\u00e9rie de responsabilidades sobre o Manoel e sua pasta, que tudo cai em cima de licita\u00e7\u00e3o. N\u00e3o s\u00f3 o Nizael, mas, tamb\u00e9m, o prefeito, em entrevistas em r\u00e1dios locais, tamb\u00e9m citou sobre a licita\u00e7\u00e3o. Falta l\u00e2mpada? \u00c9 licita\u00e7\u00e3o. Falta rem\u00e9dio? \u00c9 licita\u00e7\u00e3o. N\u00e3o tem porta? \u00c9 licita\u00e7\u00e3o. Ent\u00e3o, o certo \u00e9 o Manoel vir fazer explica\u00e7\u00e3o no Plen\u00e1rio onde fica filmado e todo mundo pode ter acesso\u201d, disse o vereador.<\/p>\n<p><b>Pastor Isac<\/b><\/p>\n<p>\u201cMuitas coisas ficaram obscuras na ter\u00e7a-feira passada e n\u00f3s queremos saber. Ent\u00e3o, \u00e9 legal, \u00e9 constitucional e n\u00f3s queremos a presen\u00e7a do secret\u00e1rio administrativo nessa Casa de Leis\u201d, disse o vereador.<\/p>\n<p><b>Casc\u00e3ozinho<\/b><\/p>\n<p>\u201cEssa administra\u00e7\u00e3o s\u00f3 tem enrol\u00e3o. \u00c9 uma administra\u00e7\u00e3o ruim, rid\u00edcula e todo mundo s\u00f3 enrola, s\u00f3 enrola e n\u00e3o faz nada. Trouxemos o prefeito, enrolou, enrolou, falou um monte de abobrinha a\u00ed e n\u00e3o resolveu nada. A gente perguntava uma coisa, ele respondia sobre outra. Trouxemos o secret\u00e1rio de Educa\u00e7\u00e3o, enrolou, enrolou, n\u00e3o respondeu nada, n\u00e3o conseguiu fazer nada. Agora vamos trazer o Manoel. \u00c9 outro que vai nos enrolar tamb\u00e9m, vai jogar para cima do prefeito, vai jogar para cima de outro secret\u00e1rio\u201d, disse o vereador.<\/p>\n<p><b>Tania Ferreira<\/b><\/p>\n<p>\u201cQuando a gente toma essa decis\u00e3o em convocar o secret\u00e1rio \u00e9 porque a gente est\u00e1 vendo a derrama da nossa cidade. Hoje se bate no peito que tem 50 milh\u00f5es em caixa, e a cidade est\u00e1 a Deus dar\u00e1. Se n\u00f3s n\u00e3o cobrarmos e n\u00e3o fizermos, cada dia vai ficar pior\u201d, disse a vereadora.<\/p>\n","protected":false},"excerpt":{"rendered":"<p>Os vereadores de Ribas do Rio Pardo decidiram por Por 7 votos a 2, na sess\u00e3o desta semana, convocarem o secret\u00e1rio de Administra\u00e7\u00e3o da prefeitura, Manoel dos Anjos, para dar explica\u00e7\u00f5es em Plen\u00e1rio. O servidor, agora, tem a obriga\u00e7\u00e3o legal de comparecer \u00e0 pr\u00f3xima sess\u00e3o ordin\u00e1ria (07\/06) para responder aos questionamentos dos parlamentares. A convoca\u00e7\u00e3o [&hellip;]<\/p>\n","protected":false},"author":3,"featured_media":8700,"comment_status":"open","ping_status":"open","sticky":false,"template":"","format":"standard","meta":{"om_disable_all_campaigns":false,"_monsterinsights_skip_tracking":false,"_monsterinsights_sitenote_active":false,"_monsterinsights_sitenote_note":"","_monsterinsights_sitenote_category":0,"footnotes":""},"categories":[30,42,43],"tags":[],"aioseo_notices":[],"_links":{"self":[{"href":"https:\/\/expressaoms.com.br\/index.php\/wp-json\/wp\/v2\/posts\/8699"}],"collection":[{"href":"https:\/\/expressaoms.com.br\/index.php\/wp-json\/wp\/v2\/posts"}],"about":[{"href":"https:\/\/expressaoms.com.br\/index.php\/wp-json\/wp\/v2\/types\/post"}],"author":[{"embeddable":true,"href":"https:\/\/expressaoms.com.br\/index.php\/wp-json\/wp\/v2\/users\/3"}],"replies":[{"embeddable":true,"href":"https:\/\/expressaoms.com.br\/index.php\/wp-json\/wp\/v2\/comments?post=8699"}],"version-history":[{"count":1,"href":"https:\/\/expressaoms.com.br\/index.php\/wp-json\/wp\/v2\/posts\/8699\/revisions"}],"predecessor-version":[{"id":8701,"href":"https:\/\/expressaoms.com.br\/index.php\/wp-json\/wp\/v2\/posts\/8699\/revisions\/8701"}],"wp:featuredmedia":[{"embeddable":true,"href":"https:\/\/expressaoms.com.br\/index.php\/wp-json\/wp\/v2\/media\/8700"}],"wp:attachment":[{"href":"https:\/\/expressaoms.com.br\/index.php\/wp-json\/wp\/v2\/media?parent=8699"}],"wp:term":[{"taxonomy":"category","embeddable":true,"href":"https:\/\/expressaoms.com.br\/index.php\/wp-json\/wp\/v2\/categories?post=8699"},{"taxonomy":"post_tag","embeddable":true,"href":"https:\/\/expressaoms.com.br\/index.php\/wp-json\/wp\/v2\/tags?post=8699"}],"curies":[{"name":"wp","href":"https:\/\/api.w.org\/{rel}","templated":true}]}}