{"id":884,"date":"2021-10-08T11:03:38","date_gmt":"2021-10-08T14:03:38","guid":{"rendered":"https:\/\/expressaoms.com.br\/?p=884"},"modified":"2021-10-08T11:03:38","modified_gmt":"2021-10-08T14:03:38","slug":"balneario-municipal-tera-tarifas-gratuitas-nos-ingressos-em-comemoracao-aos-feriados-de-divisao-do-estado-e-dia-das-criancas","status":"publish","type":"post","link":"https:\/\/expressaoms.com.br\/index.php\/2021\/10\/08\/balneario-municipal-tera-tarifas-gratuitas-nos-ingressos-em-comemoracao-aos-feriados-de-divisao-do-estado-e-dia-das-criancas\/","title":{"rendered":"Balne\u00e1rio Municipal ter\u00e1 tarifas gratuitas nos ingressos em comemora\u00e7\u00e3o aos feriados de Divis\u00e3o do Estado e Dia das Crian\u00e7as"},"content":{"rendered":"<p data-raofz=\"16\">Foi publicado no Di\u00e1rio Oficial dos Munic\u00edpios do Mato Grosso do Sul nesta sexta-feira (8), que nos dias 11 e 12 de outubro, feriados da Divis\u00e3o do Estado e Dia de Nossa Senhora Aparecida (tamb\u00e9m Dia das Crian\u00e7as), haver\u00e1 gratuidade da tarifa de ingresso do Balne\u00e1rio Municipal \u201cMiguel Jorge Tabox\u201d.<\/p>\n<p data-raofz=\"16\">No documento o prefeito Angelo Guerreiro considerou dever do Poder P\u00fablico promover e incentivar todas as formas sadias de lazer no territ\u00f3rio municipal, escolhendo estas datas seguindo o Calend\u00e1rio de feriados e pontos facultativos no ano de 2021.<\/p>\n<p data-raofz=\"16\">Conforme defini\u00e7\u00e3o constante no artigo Art. 70-A do Decreto n\u00b0. 073, de 06 de abril de 2020, de modo a contingenciar o n\u00famero de visitantes e preservar as regras de distanciamento do local, a capacidade de visitantes no Balne\u00e1rio P\u00fablico Municipal fica condicionada ao limite m\u00e1ximo de at\u00e9 800 (oitocentas) pessoas no local.<\/p>\n<p data-raofz=\"16\">Ainda de acordo com o documento, essa gratuidade n\u00e3o se aplica a utiliza\u00e7\u00e3o dos quiosques cobertos e das churrasqueiras que obedecer\u00e1 \u00e0 ordem de pr\u00e9-agendamento com preenchimento de cadastro constando os dados do respons\u00e1vel pela utiliza\u00e7\u00e3o e mediante pagamento da tarifa de utiliza\u00e7\u00e3o.<\/p>\n<p data-raofz=\"16\">A gratuidade n\u00e3o se aplicar\u00e1 tamb\u00e9m a utiliza\u00e7\u00e3o da rampa de embarque e desembarque de botes e outros tipos de embarca\u00e7\u00f5es, que ser\u00e1 autorizada somente mediante pagamento de tarifa de utiliza\u00e7\u00e3o.<\/p>\n<pre data-raofz=\"16\">Fonte: PMTL<\/pre>\n","protected":false},"excerpt":{"rendered":"<p>Foi publicado no Di\u00e1rio Oficial dos Munic\u00edpios do Mato Grosso do Sul nesta sexta-feira (8), que nos dias 11 e 12 de outubro, feriados da Divis\u00e3o do Estado e Dia de Nossa Senhora Aparecida (tamb\u00e9m Dia das Crian\u00e7as), haver\u00e1 gratuidade da tarifa de ingresso do Balne\u00e1rio Municipal \u201cMiguel Jorge Tabox\u201d. No documento o prefeito Angelo [&hellip;]<\/p>\n","protected":false},"author":3,"featured_media":886,"comment_status":"open","ping_status":"open","sticky":false,"template":"","format":"standard","meta":{"om_disable_all_campaigns":false,"_monsterinsights_skip_tracking":false,"_monsterinsights_sitenote_active":false,"_monsterinsights_sitenote_note":"","_monsterinsights_sitenote_category":0,"footnotes":""},"categories":[36,48],"tags":[],"aioseo_notices":[],"_links":{"self":[{"href":"https:\/\/expressaoms.com.br\/index.php\/wp-json\/wp\/v2\/posts\/884"}],"collection":[{"href":"https:\/\/expressaoms.com.br\/index.php\/wp-json\/wp\/v2\/posts"}],"about":[{"href":"https:\/\/expressaoms.com.br\/index.php\/wp-json\/wp\/v2\/types\/post"}],"author":[{"embeddable":true,"href":"https:\/\/expressaoms.com.br\/index.php\/wp-json\/wp\/v2\/users\/3"}],"replies":[{"embeddable":true,"href":"https:\/\/expressaoms.com.br\/index.php\/wp-json\/wp\/v2\/comments?post=884"}],"version-history":[{"count":0,"href":"https:\/\/expressaoms.com.br\/index.php\/wp-json\/wp\/v2\/posts\/884\/revisions"}],"wp:featuredmedia":[{"embeddable":true,"href":"https:\/\/expressaoms.com.br\/index.php\/wp-json\/wp\/v2\/media\/886"}],"wp:attachment":[{"href":"https:\/\/expressaoms.com.br\/index.php\/wp-json\/wp\/v2\/media?parent=884"}],"wp:term":[{"taxonomy":"category","embeddable":true,"href":"https:\/\/expressaoms.com.br\/index.php\/wp-json\/wp\/v2\/categories?post=884"},{"taxonomy":"post_tag","embeddable":true,"href":"https:\/\/expressaoms.com.br\/index.php\/wp-json\/wp\/v2\/tags?post=884"}],"curies":[{"name":"wp","href":"https:\/\/api.w.org\/{rel}","templated":true}]}}