{"id":896,"date":"2021-10-08T12:37:00","date_gmt":"2021-10-08T15:37:00","guid":{"rendered":"https:\/\/expressaoms.com.br\/?p=896"},"modified":"2021-10-08T12:37:00","modified_gmt":"2021-10-08T15:37:00","slug":"vereador-cobra-da-justica-que-morte-de-raul-antunes-nao-fique-impune","status":"publish","type":"post","link":"https:\/\/expressaoms.com.br\/index.php\/2021\/10\/08\/vereador-cobra-da-justica-que-morte-de-raul-antunes-nao-fique-impune\/","title":{"rendered":"Vereador cobra da Justi\u00e7a que morte de Raul Antunes n\u00e3o fique impune"},"content":{"rendered":"<p>O vereador Tiago Vargas chamou a aten\u00e7\u00e3o de todos, durante a sess\u00e3o desta quinta-feira (7), na C\u00e2mara Municipal de Campo Grande, para a morte misteriosa de Raul Antunes, de 18 anos. O corpo do jovem foi encontrado no Parque das Na\u00e7\u00f5es Ind\u00edgenas, no \u00faltimo domingo (3). A suspeita \u00e9 que o rapaz tenha cometido suic\u00eddio.<\/p>\n<p>A morte de Raul aconteceu depois que ele denunciou o seu ex-professor de artes marciais por abuso sexual. Ele, que j\u00e1 vinha fazendo acompanhamento psicol\u00f3gico, estava desaparecido desde a \u00faltima sexta-feira (1\u00b0), conforme relatou a fam\u00edlia \u00e0 Pol\u00edcia.<\/p>\n<p>\u201cEste jovem que, infelizmente, morreu, se chamava Raul Pablo Antunes Brum e a suspeita \u00e9 de que ele tenha cometido suic\u00eddio. O motivo? Ele havia denunciado o seu professor de capoeira que, segundo a m\u00eddia local, se chama Leandro Bussanello, por abuso sexual\u201d disse o vereador.<\/p>\n<p>\u201cO mais curioso \u00e9 que este professor continua solto, mesmo sendo acusado, por outras pessoas, de ter cometido ao menos 8 atos de viol\u00eancia sexual contra adolescentes que participavam de suas aulas de capoeira\u201d, criticou Tiago Vargas.<\/p>\n<p>Ainda conforme o vereador, os jovens, abalados por conviver com a dor de terem sofrido supostos abusos sexuais, formaram um grupo para denunciar a pr\u00e1tica do professor e assim fazer justi\u00e7a.<\/p>\n<p>\u201cJusti\u00e7a, essa, que n\u00e3o foi feita at\u00e9 hoje e que, com toda a certeza, colaborou para que Raul tenha tirado a pr\u00f3pria vida\u201d, lamentou o vereador.<\/p>\n<p>Conforme os meios de comunica\u00e7\u00e3o da Capital, Raul era abusado por seu professor desde os 13 anos de idade.<\/p>\n<p>&nbsp;<\/p>\n<pre>Fonte: C\u00e2mara de Vereadores CG<\/pre>\n","protected":false},"excerpt":{"rendered":"<p>O vereador Tiago Vargas chamou a aten\u00e7\u00e3o de todos, durante a sess\u00e3o desta quinta-feira (7), na C\u00e2mara Municipal de Campo Grande, para a morte misteriosa de Raul Antunes, de 18 anos. O corpo do jovem foi encontrado no Parque das Na\u00e7\u00f5es Ind\u00edgenas, no \u00faltimo domingo (3). A suspeita \u00e9 que o rapaz tenha cometido suic\u00eddio. [&hellip;]<\/p>\n","protected":false},"author":3,"featured_media":897,"comment_status":"open","ping_status":"open","sticky":false,"template":"","format":"standard","meta":{"om_disable_all_campaigns":false,"_monsterinsights_skip_tracking":false,"_monsterinsights_sitenote_active":false,"_monsterinsights_sitenote_note":"","_monsterinsights_sitenote_category":0,"footnotes":""},"categories":[27,42],"tags":[],"aioseo_notices":[],"_links":{"self":[{"href":"https:\/\/expressaoms.com.br\/index.php\/wp-json\/wp\/v2\/posts\/896"}],"collection":[{"href":"https:\/\/expressaoms.com.br\/index.php\/wp-json\/wp\/v2\/posts"}],"about":[{"href":"https:\/\/expressaoms.com.br\/index.php\/wp-json\/wp\/v2\/types\/post"}],"author":[{"embeddable":true,"href":"https:\/\/expressaoms.com.br\/index.php\/wp-json\/wp\/v2\/users\/3"}],"replies":[{"embeddable":true,"href":"https:\/\/expressaoms.com.br\/index.php\/wp-json\/wp\/v2\/comments?post=896"}],"version-history":[{"count":0,"href":"https:\/\/expressaoms.com.br\/index.php\/wp-json\/wp\/v2\/posts\/896\/revisions"}],"wp:featuredmedia":[{"embeddable":true,"href":"https:\/\/expressaoms.com.br\/index.php\/wp-json\/wp\/v2\/media\/897"}],"wp:attachment":[{"href":"https:\/\/expressaoms.com.br\/index.php\/wp-json\/wp\/v2\/media?parent=896"}],"wp:term":[{"taxonomy":"category","embeddable":true,"href":"https:\/\/expressaoms.com.br\/index.php\/wp-json\/wp\/v2\/categories?post=896"},{"taxonomy":"post_tag","embeddable":true,"href":"https:\/\/expressaoms.com.br\/index.php\/wp-json\/wp\/v2\/tags?post=896"}],"curies":[{"name":"wp","href":"https:\/\/api.w.org\/{rel}","templated":true}]}}