{"id":9020,"date":"2022-06-15T14:52:14","date_gmt":"2022-06-15T17:52:14","guid":{"rendered":"https:\/\/expressaoms.com.br\/?p=9020"},"modified":"2022-06-15T14:59:06","modified_gmt":"2022-06-15T17:59:06","slug":"suzano-marca-presenca-no-desfile-civico-militar-em-comemoracao-aos-107-anos-de-tres-lagoas","status":"publish","type":"post","link":"https:\/\/expressaoms.com.br\/index.php\/2022\/06\/15\/suzano-marca-presenca-no-desfile-civico-militar-em-comemoracao-aos-107-anos-de-tres-lagoas\/","title":{"rendered":"Suzano marca presen\u00e7a no desfile c\u00edvico-militar em comemora\u00e7\u00e3o aos 107 anos de Tr\u00eas Lagoas (MS)"},"content":{"rendered":"<p><span data-removefontsize=\"true\" data-originalcomputedfontsize=\"16\">Uma das primeiras empresas do setor a acreditar na voca\u00e7\u00e3o de Tr\u00eas Lagoas para o setor florestal, a Suzano, refer\u00eancia global na fabrica\u00e7\u00e3o de bioprodutos desenvolvidos a partir do cultivo de eucalipto, marcou presen\u00e7a no desfile c\u00edvico-militar em comemora\u00e7\u00e3o aos 107 anos de Tr\u00eas Lagoas.<\/span><u><\/u><u><\/u><\/p>\n<p><u><\/u> <img fetchpriority=\"high\" decoding=\"async\" class=\"aligncenter size-full wp-image-9021\" src=\"https:\/\/expressaoms.com.br\/wp-content\/uploads\/2022\/06\/8BD0D4D5-0084-4965-B0BE-72483A0F0404.jpeg\" alt=\"\" width=\"1600\" height=\"1200\" srcset=\"https:\/\/expressaoms.com.br\/wp-content\/uploads\/2022\/06\/8BD0D4D5-0084-4965-B0BE-72483A0F0404.jpeg 1600w, https:\/\/expressaoms.com.br\/wp-content\/uploads\/2022\/06\/8BD0D4D5-0084-4965-B0BE-72483A0F0404-600x450.jpeg 600w, https:\/\/expressaoms.com.br\/wp-content\/uploads\/2022\/06\/8BD0D4D5-0084-4965-B0BE-72483A0F0404-300x225.jpeg 300w, https:\/\/expressaoms.com.br\/wp-content\/uploads\/2022\/06\/8BD0D4D5-0084-4965-B0BE-72483A0F0404-1024x768.jpeg 1024w, https:\/\/expressaoms.com.br\/wp-content\/uploads\/2022\/06\/8BD0D4D5-0084-4965-B0BE-72483A0F0404-768x576.jpeg 768w, https:\/\/expressaoms.com.br\/wp-content\/uploads\/2022\/06\/8BD0D4D5-0084-4965-B0BE-72483A0F0404-1536x1152.jpeg 1536w\" sizes=\"(max-width: 1600px) 100vw, 1600px\" \/><u><\/u><\/p>\n<p><span data-removefontsize=\"true\" data-originalcomputedfontsize=\"16\">O evento foi realizado na manh\u00e3 desta quarta-feira (15.06), anivers\u00e1rio da cidade, na Esplanada da Noroeste do Brasil (NOB) e trouxe como tema \u201cTr\u00eas Lagoas &#8211; Da Emancipa\u00e7\u00e3o \u00e0 Capital da Celulose\u201d. A participa\u00e7\u00e3o da empresa foi celebrada pelo gerente Executivo Industrial da Suzano, Eduardo Ferraz, que acompanhou o desfile.\u00a0 <\/span><u><\/u><u><\/u><\/p>\n<p><u><\/u> <img decoding=\"async\" class=\"aligncenter size-full wp-image-8965\" src=\"https:\/\/expressaoms.com.br\/wp-content\/uploads\/2022\/06\/Site_Expressao_MS_Agua_Clara_IPTU_1170_x_150.gif\" alt=\"\" width=\"1170\" height=\"150\" \/><u><\/u><\/p>\n<p><span data-removefontsize=\"true\" data-originalcomputedfontsize=\"16\">\u201cDepois de dois anos sem a realiza\u00e7\u00e3o de grandes eventos por conta da pandemia, esse desfile ganha uma import\u00e2ncia ainda maior. \u00c9 gratificante ver tantas pessoas reunidas recordando e celebrando juntas a hist\u00f3ria de Tr\u00eas Lagoas, da qual a Suzano tem muito orgulho de fazer parte. Por tudo isso, a nossa participa\u00e7\u00e3o ganha um sentimento ainda mais especial e s\u00f3 temos a agradecer a toda a popula\u00e7\u00e3o por ter nos acolhido t\u00e3o bem ao longo dessa jornada rumo ao desenvolvimento sustent\u00e1vel iniciada h\u00e1 quase duas d\u00e9cadas\u201d, ressalta Ferraz.<\/span><u><\/u><u><\/u><\/p>\n<p><u><\/u> <img decoding=\"async\" class=\"aligncenter size-full wp-image-9023\" src=\"https:\/\/expressaoms.com.br\/wp-content\/uploads\/2022\/06\/E49D9AC1-2116-455C-9952-409434955501.jpeg\" alt=\"\" width=\"1338\" height=\"928\" srcset=\"https:\/\/expressaoms.com.br\/wp-content\/uploads\/2022\/06\/E49D9AC1-2116-455C-9952-409434955501.jpeg 1338w, https:\/\/expressaoms.com.br\/wp-content\/uploads\/2022\/06\/E49D9AC1-2116-455C-9952-409434955501-600x416.jpeg 600w, https:\/\/expressaoms.com.br\/wp-content\/uploads\/2022\/06\/E49D9AC1-2116-455C-9952-409434955501-300x208.jpeg 300w, https:\/\/expressaoms.com.br\/wp-content\/uploads\/2022\/06\/E49D9AC1-2116-455C-9952-409434955501-1024x710.jpeg 1024w, https:\/\/expressaoms.com.br\/wp-content\/uploads\/2022\/06\/E49D9AC1-2116-455C-9952-409434955501-768x533.jpeg 768w\" sizes=\"(max-width: 1338px) 100vw, 1338px\" \/><u><\/u><\/p>\n<p><span data-removefontsize=\"true\" data-originalcomputedfontsize=\"16\">A empresa cedeu capacetes para estudantes da Escola Municipal Eufrosina Pinto. Al\u00e9m disso, participaram do desfile mais de 30 colaboradores e colaboradoras dos setores industrial e florestal da companhia, com faixas e bandeiras. Uma delas refor\u00e7ando um dos principais direcionadores da Suzano: \u201cS\u00f3 \u00e9 bom para n\u00f3s se for bom para o mundo\u201d. <\/span><u><\/u><u><\/u><\/p>\n<p><u><\/u>\u00a0<u><\/u><\/p>\n<p><b><span data-removefontsize=\"true\" data-originalcomputedfontsize=\"16\">Unidade de Tr\u00eas Lagoas<\/span><\/b><b><u><\/u><u><\/u><\/b><\/p>\n<p><u><\/u>\u00a0<u><\/u><\/p>\n<p><span data-removefontsize=\"true\" data-originalcomputedfontsize=\"16\">A hist\u00f3ria da Suzano com Tr\u00eas Lagoas come\u00e7ou em meados de 2006, quando teve in\u00edcio a constru\u00e7\u00e3o da primeira f\u00e1brica de celulose da companhia. A unidade fabril entrou em opera\u00e7\u00e3o em 2009, com capacidade para 1,3 milh\u00e3o de toneladas de celulose ao ano. Oito anos depois, entrava em opera\u00e7\u00e3o a segunda f\u00e1brica, com capacidade para produzir mais 1,95 milh\u00e3o de toneladas de celulose ao ano, o que faz com que a Unidade de Tr\u00eas Lagoas seja uma das maiores do mundo, totalizando 3,25 milh\u00f5es de celulose produzidas ao ano.<\/span><u><\/u><u><\/u><\/p>\n<p><u><\/u>\u00a0<u><\/u><\/p>\n<p><span data-removefontsize=\"true\" data-originalcomputedfontsize=\"16\">\u201cEssas duas f\u00e1bricas de celulose empregam hoje mais de seis mil pessoas, de forma direta e indireta, o que beneficia o desenvolvimento social, uma vez que a companhia tem a pol\u00edtica de valorizar, e qualificar, a m\u00e3o de obra local. Isso sem contar toda a cadeia de fornecedores locais que \u00e9 movimentada em decorr\u00eancia das nossas opera\u00e7\u00f5es, que contribuem direta e indiretamente para aquecer setores como com\u00e9rcio, bens e servi\u00e7os, rede de restaurantes e hoteleira, dentre outros\u201d, finaliza Ferraz.<\/span><u><\/u><u><\/u><\/p>\n<p><u><\/u>\u00a0<u><\/u><\/p>\n<p><span data-removefontsize=\"true\" data-originalcomputedfontsize=\"16\">A Suzano tamb\u00e9m mant\u00e9m uma s\u00e9rie de programas e projetos sociais voltados, principalmente, para a gera\u00e7\u00e3o de trabalho e renda. Somente em 2021, foram investidos mais de R$ 4 milh\u00f5es em projetos sociais, beneficiando cerca de 15 mil pessoas de nove munic\u00edpios do Estado de Mato Grosso do Sul.<\/span><\/p>\n","protected":false},"excerpt":{"rendered":"<p>Uma das primeiras empresas do setor a acreditar na voca\u00e7\u00e3o de Tr\u00eas Lagoas para o setor florestal, a Suzano, refer\u00eancia global na fabrica\u00e7\u00e3o de bioprodutos desenvolvidos a partir do cultivo de eucalipto, marcou presen\u00e7a no desfile c\u00edvico-militar em comemora\u00e7\u00e3o aos 107 anos de Tr\u00eas Lagoas. O evento foi realizado na manh\u00e3 desta quarta-feira (15.06), anivers\u00e1rio [&hellip;]<\/p>\n","protected":false},"author":2,"featured_media":9024,"comment_status":"open","ping_status":"open","sticky":false,"template":"","format":"standard","meta":{"om_disable_all_campaigns":false,"_monsterinsights_skip_tracking":false,"_monsterinsights_sitenote_active":false,"_monsterinsights_sitenote_note":"","_monsterinsights_sitenote_category":0,"footnotes":""},"categories":[30,35,36,48],"tags":[],"aioseo_notices":[],"_links":{"self":[{"href":"https:\/\/expressaoms.com.br\/index.php\/wp-json\/wp\/v2\/posts\/9020"}],"collection":[{"href":"https:\/\/expressaoms.com.br\/index.php\/wp-json\/wp\/v2\/posts"}],"about":[{"href":"https:\/\/expressaoms.com.br\/index.php\/wp-json\/wp\/v2\/types\/post"}],"author":[{"embeddable":true,"href":"https:\/\/expressaoms.com.br\/index.php\/wp-json\/wp\/v2\/users\/2"}],"replies":[{"embeddable":true,"href":"https:\/\/expressaoms.com.br\/index.php\/wp-json\/wp\/v2\/comments?post=9020"}],"version-history":[{"count":2,"href":"https:\/\/expressaoms.com.br\/index.php\/wp-json\/wp\/v2\/posts\/9020\/revisions"}],"predecessor-version":[{"id":9026,"href":"https:\/\/expressaoms.com.br\/index.php\/wp-json\/wp\/v2\/posts\/9020\/revisions\/9026"}],"wp:featuredmedia":[{"embeddable":true,"href":"https:\/\/expressaoms.com.br\/index.php\/wp-json\/wp\/v2\/media\/9024"}],"wp:attachment":[{"href":"https:\/\/expressaoms.com.br\/index.php\/wp-json\/wp\/v2\/media?parent=9020"}],"wp:term":[{"taxonomy":"category","embeddable":true,"href":"https:\/\/expressaoms.com.br\/index.php\/wp-json\/wp\/v2\/categories?post=9020"},{"taxonomy":"post_tag","embeddable":true,"href":"https:\/\/expressaoms.com.br\/index.php\/wp-json\/wp\/v2\/tags?post=9020"}],"curies":[{"name":"wp","href":"https:\/\/api.w.org\/{rel}","templated":true}]}}