{"id":9031,"date":"2022-06-15T15:42:38","date_gmt":"2022-06-15T18:42:38","guid":{"rendered":"https:\/\/expressaoms.com.br\/?p=9031"},"modified":"2022-06-30T09:45:08","modified_gmt":"2022-06-30T12:45:08","slug":"aproximadamente-18-mil-pessoas-prestigiam-desfile-civico-de-aniversario-de-tres-lagoas","status":"publish","type":"post","link":"https:\/\/expressaoms.com.br\/index.php\/2022\/06\/15\/aproximadamente-18-mil-pessoas-prestigiam-desfile-civico-de-aniversario-de-tres-lagoas\/","title":{"rendered":"Aproximadamente 18 mil pessoas prestigiam Desfile C\u00edvico de anivers\u00e1rio de Tr\u00eas Lagoas"},"content":{"rendered":"<p>O tradicional Desfile C\u00edvico de anivers\u00e1rio de Tr\u00eas Lagoas deste ano ficar\u00e1 marcado na hist\u00f3ria do Munic\u00edpio. Estrategicamente, o evento foi realizado na rec\u00e9m pavimentada Rua Esplanada, no Centro, apresentando as obras realizadas pela Gest\u00e3o Angelo Guerreiro e valorizando o patrim\u00f4nio hist\u00f3rico que \u00e9 a ferrovia, galp\u00e3o da NOB e a locomotiva Maria Fuma\u00e7a.<\/p>\n<p><img fetchpriority=\"high\" decoding=\"async\" class=\"aligncenter size-full wp-image-8965\" src=\"https:\/\/expressaoms.com.br\/wp-content\/uploads\/2022\/06\/Site_Expressao_MS_Agua_Clara_IPTU_1170_x_150.gif\" alt=\"\" width=\"1170\" height=\"150\" \/><\/p>\n<p>Com cerca de 18 mil pessoas presentes, o Desfile teve como diferencial a criatividade de cada grupo participante, sendo escolas, setores p\u00fablicos municipais, servi\u00e7os de conviv\u00eancia, for\u00e7as policiais, entidades filantr\u00f3picas, parceiros do com\u00e9rcio, ind\u00fastria, esporte e cultura.<\/p>\n<p>Em seu discurso, Guerreiro destacou que esta comemora\u00e7\u00e3o representa um encontro entre passado e presente. \u201cComemoramos o anivers\u00e1rio da nossa Cidade e tamb\u00e9m os avan\u00e7os e investimentos que a Gest\u00e3o vem realizando. Este espa\u00e7o estava em obras e conseguimos concluir em tempo para simbolizar o atual desenvolvimento e a mem\u00f3ria de Tr\u00eas Lagoas, ainda viva pela ferrovia. A festa \u00e9 de todos n\u00f3s, tr\u00eas-lagoenses com orgulho\u201d, declarou.<\/p>\n<p>A secret\u00e1ria de Educa\u00e7\u00e3o e Cultura, Angela Brito, agradeceu a participa\u00e7\u00e3o de todas as entidades e presen\u00e7a do p\u00fablico, completando que \u201ctoda sociedade \u00e9 respons\u00e1vel pelo brilho e sucesso do Evento. Cumprimento a todas as equipes envolvidas na organiza\u00e7\u00e3o, ao prefeito Angelo Guerreiro pela confian\u00e7a e a cada um que est\u00e1 doando seu amor pelo Munic\u00edpio e fazendo este Desfile ser t\u00e3o especial\u201d.<\/p>\n<p>Acompanhando tamb\u00e9m o desfile, o secret\u00e1rio estadual de Governo, Eduardo Rocha, cumprimentou a todo o p\u00fablico presente, \u00e0s autoridades e confirmou, em nome do governador Reinaldo Azambuja, que o Governo do Estado presentear\u00e1 Tr\u00eas Lagoas com uma moto niveladora e um patrol novos.<\/p>\n<p>Autoridades pol\u00edticas, civis e policiais tamb\u00e9m participaram da festividade.<\/p>\n","protected":false},"excerpt":{"rendered":"<p>O tradicional Desfile C\u00edvico de anivers\u00e1rio de Tr\u00eas Lagoas deste ano ficar\u00e1 marcado na hist\u00f3ria do Munic\u00edpio. Estrategicamente, o evento foi realizado na rec\u00e9m pavimentada Rua Esplanada, no Centro, apresentando as obras realizadas pela Gest\u00e3o Angelo Guerreiro e valorizando o patrim\u00f4nio hist\u00f3rico que \u00e9 a ferrovia, galp\u00e3o da NOB e a locomotiva Maria Fuma\u00e7a. Com [&hellip;]<\/p>\n","protected":false},"author":2,"featured_media":9032,"comment_status":"open","ping_status":"open","sticky":false,"template":"","format":"standard","meta":{"om_disable_all_campaigns":false,"_monsterinsights_skip_tracking":false,"_monsterinsights_sitenote_active":false,"_monsterinsights_sitenote_note":"","_monsterinsights_sitenote_category":0,"footnotes":""},"categories":[30,36,48],"tags":[],"aioseo_notices":[],"_links":{"self":[{"href":"https:\/\/expressaoms.com.br\/index.php\/wp-json\/wp\/v2\/posts\/9031"}],"collection":[{"href":"https:\/\/expressaoms.com.br\/index.php\/wp-json\/wp\/v2\/posts"}],"about":[{"href":"https:\/\/expressaoms.com.br\/index.php\/wp-json\/wp\/v2\/types\/post"}],"author":[{"embeddable":true,"href":"https:\/\/expressaoms.com.br\/index.php\/wp-json\/wp\/v2\/users\/2"}],"replies":[{"embeddable":true,"href":"https:\/\/expressaoms.com.br\/index.php\/wp-json\/wp\/v2\/comments?post=9031"}],"version-history":[{"count":3,"href":"https:\/\/expressaoms.com.br\/index.php\/wp-json\/wp\/v2\/posts\/9031\/revisions"}],"predecessor-version":[{"id":9422,"href":"https:\/\/expressaoms.com.br\/index.php\/wp-json\/wp\/v2\/posts\/9031\/revisions\/9422"}],"wp:featuredmedia":[{"embeddable":true,"href":"https:\/\/expressaoms.com.br\/index.php\/wp-json\/wp\/v2\/media\/9032"}],"wp:attachment":[{"href":"https:\/\/expressaoms.com.br\/index.php\/wp-json\/wp\/v2\/media?parent=9031"}],"wp:term":[{"taxonomy":"category","embeddable":true,"href":"https:\/\/expressaoms.com.br\/index.php\/wp-json\/wp\/v2\/categories?post=9031"},{"taxonomy":"post_tag","embeddable":true,"href":"https:\/\/expressaoms.com.br\/index.php\/wp-json\/wp\/v2\/tags?post=9031"}],"curies":[{"name":"wp","href":"https:\/\/api.w.org\/{rel}","templated":true}]}}