{"id":905,"date":"2021-10-08T13:07:34","date_gmt":"2021-10-08T16:07:34","guid":{"rendered":"https:\/\/expressaoms.com.br\/?p=905"},"modified":"2021-10-08T13:07:34","modified_gmt":"2021-10-08T16:07:34","slug":"decreto-autoriza-retorno-das-aulas-100-presenciais-nas-escolas-particulares-tecnicas-e-profissionalizantes","status":"publish","type":"post","link":"https:\/\/expressaoms.com.br\/index.php\/2021\/10\/08\/decreto-autoriza-retorno-das-aulas-100-presenciais-nas-escolas-particulares-tecnicas-e-profissionalizantes\/","title":{"rendered":"Decreto autoriza retorno das aulas 100% presenciais nas escolas particulares, t\u00e9cnicas e profissionalizantes em Tr\u00eas Lagoas"},"content":{"rendered":"<p>Foi publicado no Di\u00e1rio Oficial dos Munic\u00edpios de Mato Grosso do Sul desta sexta-feira (08), o Decreto n\u00ba 334 assinado pelo prefeito Angelo Guerreiro, que autoriza o retorno das aulas 100% presenciais nas escolas particulares, t\u00e9cnicas, profissionalizantes e similares de Tr\u00eas lagoas.<\/p>\n<p>Os estabelecimentos mencionados ficam obrigados a cumprir as medidas de biosseguran\u00e7a contra a contamina\u00e7\u00e3o do Novo coronav\u00edrus, como a exig\u00eancia do uso de m\u00e1scaras por todos os alunos e funcion\u00e1rios da escola, aferi\u00e7\u00e3o de temperatura no interior da unidade, higieniza\u00e7\u00e3o das m\u00e3os com \u00e1lcool em gel 70\u00b0, entre outras.<\/p>\n<p>A fiscaliza\u00e7\u00e3o quanto ao cumprimento das medidas determinadas neste Decreto ficar\u00e1 a cargo dos \u00d3rg\u00e3os de seguran\u00e7a p\u00fablica, da equipe da Vigil\u00e2ncia Sanit\u00e1ria Municipal \u2013 VISA, e do Comit\u00ea Municipal de Monitoramento da Implanta\u00e7\u00e3o do protocolo de volta \u00e0s aulas.<br \/>\nPara ler o Decreto na \u00edntegra, clique aqui.<\/p>\n<p>&nbsp;<\/p>\n<pre>Fonte: PMTL<\/pre>\n","protected":false},"excerpt":{"rendered":"<p>Foi publicado no Di\u00e1rio Oficial dos Munic\u00edpios de Mato Grosso do Sul desta sexta-feira (08), o Decreto n\u00ba 334 assinado pelo prefeito Angelo Guerreiro, que autoriza o retorno das aulas 100% presenciais nas escolas particulares, t\u00e9cnicas, profissionalizantes e similares de Tr\u00eas lagoas. Os estabelecimentos mencionados ficam obrigados a cumprir as medidas de biosseguran\u00e7a contra a [&hellip;]<\/p>\n","protected":false},"author":3,"featured_media":906,"comment_status":"open","ping_status":"open","sticky":false,"template":"","format":"standard","meta":{"om_disable_all_campaigns":false,"_monsterinsights_skip_tracking":false,"_monsterinsights_sitenote_active":false,"_monsterinsights_sitenote_note":"","_monsterinsights_sitenote_category":0,"footnotes":""},"categories":[36,48],"tags":[172],"aioseo_notices":[],"_links":{"self":[{"href":"https:\/\/expressaoms.com.br\/index.php\/wp-json\/wp\/v2\/posts\/905"}],"collection":[{"href":"https:\/\/expressaoms.com.br\/index.php\/wp-json\/wp\/v2\/posts"}],"about":[{"href":"https:\/\/expressaoms.com.br\/index.php\/wp-json\/wp\/v2\/types\/post"}],"author":[{"embeddable":true,"href":"https:\/\/expressaoms.com.br\/index.php\/wp-json\/wp\/v2\/users\/3"}],"replies":[{"embeddable":true,"href":"https:\/\/expressaoms.com.br\/index.php\/wp-json\/wp\/v2\/comments?post=905"}],"version-history":[{"count":0,"href":"https:\/\/expressaoms.com.br\/index.php\/wp-json\/wp\/v2\/posts\/905\/revisions"}],"wp:featuredmedia":[{"embeddable":true,"href":"https:\/\/expressaoms.com.br\/index.php\/wp-json\/wp\/v2\/media\/906"}],"wp:attachment":[{"href":"https:\/\/expressaoms.com.br\/index.php\/wp-json\/wp\/v2\/media?parent=905"}],"wp:term":[{"taxonomy":"category","embeddable":true,"href":"https:\/\/expressaoms.com.br\/index.php\/wp-json\/wp\/v2\/categories?post=905"},{"taxonomy":"post_tag","embeddable":true,"href":"https:\/\/expressaoms.com.br\/index.php\/wp-json\/wp\/v2\/tags?post=905"}],"curies":[{"name":"wp","href":"https:\/\/api.w.org\/{rel}","templated":true}]}}