{"id":9105,"date":"2022-06-21T06:56:09","date_gmt":"2022-06-21T09:56:09","guid":{"rendered":"https:\/\/expressaoms.com.br\/?p=9105"},"modified":"2022-06-21T08:45:30","modified_gmt":"2022-06-21T11:45:30","slug":"inverno-em-ms-deve-ter-poucas-chuvas-e-tempo-seco-confira-ainda-previsao-desta-terca-feira","status":"publish","type":"post","link":"https:\/\/expressaoms.com.br\/index.php\/2022\/06\/21\/inverno-em-ms-deve-ter-poucas-chuvas-e-tempo-seco-confira-ainda-previsao-desta-terca-feira\/","title":{"rendered":"Inverno em MS deve ter poucas chuvas e tempo seco: Confira ainda previs\u00e3o desta ter\u00e7a-feira"},"content":{"rendered":"<p>Com a chegada do inverno nesta ter\u00e7a-feira (21) a previs\u00e3o \u00e9 que Mato Grosso do Sul tenha \u00edndices menores de chuva e queda na umidade relativa do ar, que favorece por exemplo o aumento de inc\u00eandios florestais, com impacto na biodiversidade do Estado e na qualidade do solo.<\/p>\n<p>Segundo o Cemtec (Centro de Monitoramento do Tempo e do Clima de MS), a m\u00e9dia climatol\u00f3gica para o trimestre de julho, agosto e setembro, mostra que as chuvas v\u00e3o variar entre 50 a 300 mm em grande parte do Estado. Nas regi\u00f5es do Bols\u00e3o e Pantanal a varia\u00e7\u00e3o ser\u00e1 de 50 a 100 (mm) e no Cone-Sul de 200 a 300 (mm).<\/p>\n<p>A tend\u00eancia \u00e9 que as chuvas ficar\u00e3o entre 40 a 50% abaixo da m\u00e9dia (climatol\u00f3gica) durante este trimestre (julho, agosto e setembro). A previs\u00e3o tamb\u00e9m indica a continuidade da La Nin\u00e3 neste per\u00edodo, o que provavelmente vai influenciar nas condi\u00e7\u00f5es do tempo, podendo favorecer um inverno mais rigoroso do que o normal, em fun\u00e7\u00e3o da incurs\u00e3o mais frequentes de massas de ar fria. O inverno segue at\u00e9 22 de setembro.<\/p>\n<p><strong>Ter\u00e7a-feira<\/strong><\/p>\n<p>Para esta ter\u00e7a-feira (21) a previs\u00e3o \u00e9 de tempo est\u00e1vel no Estado, com sol e poucas nuvens. Durante esta semana as temperaturas estar\u00e3o em gradativa eleva\u00e7\u00e3o, podendo chegar at\u00e9 a 33\u00b0C nas regi\u00f5es do Pantanal e Norte. \u00a0Na Capital a varia\u00e7\u00e3o ser\u00e1 entre 18\u00b0C (m\u00ednima) e 29\u00b0C (m\u00e1xima).<\/p>\n<p><img fetchpriority=\"high\" decoding=\"async\" class=\"aligncenter size-full wp-image-9107\" src=\"https:\/\/expressaoms.com.br\/wp-content\/uploads\/2022\/06\/B8075962-BFA0-42AB-A703-4C002F16708C.jpeg\" alt=\"\" width=\"562\" height=\"397\" srcset=\"https:\/\/expressaoms.com.br\/wp-content\/uploads\/2022\/06\/B8075962-BFA0-42AB-A703-4C002F16708C.jpeg 562w, https:\/\/expressaoms.com.br\/wp-content\/uploads\/2022\/06\/B8075962-BFA0-42AB-A703-4C002F16708C-300x212.jpeg 300w\" sizes=\"(max-width: 562px) 100vw, 562px\" \/><\/p>\n<p>J\u00e1 em Corumb\u00e1 poder\u00e1 chegar a 32\u00b0C (m\u00e1xima), com m\u00ednima de 20\u00b0C. Assim como em Coxim que varia entre 18\u00b0C (m\u00ednima) e 31\u00b0C (m\u00e1xima). Dourados ter\u00e1 m\u00ednima de 16\u00b0C e m\u00e1xima de 30\u00b0C. J\u00e1 na regi\u00e3o de fronteira, em Ponta Por\u00e3, fica em 16\u00b0C (m\u00ednima) e 28\u00b0C (m\u00e1xima). No extremo sul do Estado, em Iguatemi, a varia\u00e7\u00e3o ser\u00e1 de 17\u00b0C e 27\u00b0C.<\/p>\n<p>Nos pr\u00f3ximos sete dias n\u00e3o h\u00e1 previs\u00e3o de chuvas e nem queda significativa da temperatura. A tend\u00eancia \u00e9 a aproxima\u00e7\u00e3o da nova frente fria somente em 29 e 30 de junho.<\/p>\n","protected":false},"excerpt":{"rendered":"<p>Com a chegada do inverno nesta ter\u00e7a-feira (21) a previs\u00e3o \u00e9 que Mato Grosso do Sul tenha \u00edndices menores de chuva e queda na umidade relativa do ar, que favorece por exemplo o aumento de inc\u00eandios florestais, com impacto na biodiversidade do Estado e na qualidade do solo. Segundo o Cemtec (Centro de Monitoramento do [&hellip;]<\/p>\n","protected":false},"author":2,"featured_media":9106,"comment_status":"open","ping_status":"open","sticky":false,"template":"","format":"standard","meta":{"om_disable_all_campaigns":false,"_monsterinsights_skip_tracking":false,"_monsterinsights_sitenote_active":false,"_monsterinsights_sitenote_note":"","_monsterinsights_sitenote_category":0,"footnotes":""},"categories":[30,193,47],"tags":[],"aioseo_notices":[],"_links":{"self":[{"href":"https:\/\/expressaoms.com.br\/index.php\/wp-json\/wp\/v2\/posts\/9105"}],"collection":[{"href":"https:\/\/expressaoms.com.br\/index.php\/wp-json\/wp\/v2\/posts"}],"about":[{"href":"https:\/\/expressaoms.com.br\/index.php\/wp-json\/wp\/v2\/types\/post"}],"author":[{"embeddable":true,"href":"https:\/\/expressaoms.com.br\/index.php\/wp-json\/wp\/v2\/users\/2"}],"replies":[{"embeddable":true,"href":"https:\/\/expressaoms.com.br\/index.php\/wp-json\/wp\/v2\/comments?post=9105"}],"version-history":[{"count":3,"href":"https:\/\/expressaoms.com.br\/index.php\/wp-json\/wp\/v2\/posts\/9105\/revisions"}],"predecessor-version":[{"id":9121,"href":"https:\/\/expressaoms.com.br\/index.php\/wp-json\/wp\/v2\/posts\/9105\/revisions\/9121"}],"wp:featuredmedia":[{"embeddable":true,"href":"https:\/\/expressaoms.com.br\/index.php\/wp-json\/wp\/v2\/media\/9106"}],"wp:attachment":[{"href":"https:\/\/expressaoms.com.br\/index.php\/wp-json\/wp\/v2\/media?parent=9105"}],"wp:term":[{"taxonomy":"category","embeddable":true,"href":"https:\/\/expressaoms.com.br\/index.php\/wp-json\/wp\/v2\/categories?post=9105"},{"taxonomy":"post_tag","embeddable":true,"href":"https:\/\/expressaoms.com.br\/index.php\/wp-json\/wp\/v2\/tags?post=9105"}],"curies":[{"name":"wp","href":"https:\/\/api.w.org\/{rel}","templated":true}]}}