{"id":9112,"date":"2022-06-21T08:12:45","date_gmt":"2022-06-21T11:12:45","guid":{"rendered":"https:\/\/expressaoms.com.br\/?p=9112"},"modified":"2022-06-21T08:12:45","modified_gmt":"2022-06-21T11:12:45","slug":"cerca-de-5-500-pessoas-prestigiaram-o-10o-encontro-de-carros-antigos-de-tres-lagoas","status":"publish","type":"post","link":"https:\/\/expressaoms.com.br\/index.php\/2022\/06\/21\/cerca-de-5-500-pessoas-prestigiaram-o-10o-encontro-de-carros-antigos-de-tres-lagoas\/","title":{"rendered":"Cerca de 5.500 pessoas prestigiaram o 10\u00ba Encontro de Carros Antigos de Tr\u00eas Lagoas"},"content":{"rendered":"<p data-raofz=\"16\">Durante os dias 18 e 19, no Balne\u00e1rio Municipal \u201cMiguel Jorge Tabox\u201d, aproximadamente 5.500 pessoas prestigiaram a 10\u00ba Edi\u00e7\u00e3o do Encontro de Carros Antigos de Tr\u00eas Lagoas promovido pelo Clube de Carros Antigos de TL em parceria com a Prefeitura de Tr\u00eas Lagoas, segundo informou a organiza\u00e7\u00e3o do evento.<\/p>\n<p data-raofz=\"16\"><img fetchpriority=\"high\" decoding=\"async\" class=\"aligncenter size-full wp-image-8965\" src=\"https:\/\/expressaoms.com.br\/wp-content\/uploads\/2022\/06\/Site_Expressao_MS_Agua_Clara_IPTU_1170_x_150.gif\" alt=\"\" width=\"1170\" height=\"150\" \/><\/p>\n<p data-raofz=\"16\">Ao todo foram expostos 145 ve\u00edculos entre os de participantes locais e de Inoc\u00eancia, Nova Andradina, Parana\u00edba, Maracaju, Sidrol\u00e2ndia, Campo Grande e Brasil\u00e2ndia. Do estado de S\u00e3o Paulo participaram Andradina, Castilho, Ara\u00e7atuba, Nova Independ\u00eancia e Tupi Paulista.<\/p>\n<p data-raofz=\"16\"><img decoding=\"async\" class=\"aligncenter size-full wp-image-9109\" src=\"https:\/\/expressaoms.com.br\/wp-content\/uploads\/2022\/06\/TCE_fullbanner_junho-728x90-1.gif\" alt=\"\" width=\"728\" height=\"90\" \/><\/p>\n<p data-raofz=\"16\">Entre os destaques da frota exposta tiveram Chevrolet Belair\/1957, Wilis Itamaraty\/1967, Ford F100\/1958, Ford Jeep Wyllys\/1962. Um exemplar da marca Singer de origem inglesa do ano de 1947 recebeu premia\u00e7\u00e3o como ve\u00edculo mais antigo.<\/p>\n<p data-raofz=\"16\">A premia\u00e7\u00e3o para a caravana com maior n\u00famero de ve\u00edculos foi para cidade de Andradina e a caravana mais distante para a cidade de Maracaju.<\/p>\n<p data-raofz=\"16\">Foram arrecadados cerca de 300 quilos de alimentos, doados pelos participantes do 10\u00ba Encontro, doa\u00e7\u00f5es essas que ser\u00e3o repassadas para entidades filantr\u00f3picas de Tr\u00eas Lagoas, informou a organiza\u00e7\u00e3o.<\/p>\n<p data-raofz=\"16\">Para animar quem esteve no Balne\u00e1rio, no s\u00e1bado (18), o grupo Jotap\u00ea comandou atra\u00e7\u00e3o musical e no domingo (19), o os Adimil\u2019sons.<\/p>\n","protected":false},"excerpt":{"rendered":"<p>Durante os dias 18 e 19, no Balne\u00e1rio Municipal \u201cMiguel Jorge Tabox\u201d, aproximadamente 5.500 pessoas prestigiaram a 10\u00ba Edi\u00e7\u00e3o do Encontro de Carros Antigos de Tr\u00eas Lagoas promovido pelo Clube de Carros Antigos de TL em parceria com a Prefeitura de Tr\u00eas Lagoas, segundo informou a organiza\u00e7\u00e3o do evento. Ao todo foram expostos 145 ve\u00edculos [&hellip;]<\/p>\n","protected":false},"author":2,"featured_media":9113,"comment_status":"open","ping_status":"open","sticky":false,"template":"","format":"standard","meta":{"om_disable_all_campaigns":false,"_monsterinsights_skip_tracking":false,"_monsterinsights_sitenote_active":false,"_monsterinsights_sitenote_note":"","_monsterinsights_sitenote_category":0,"footnotes":""},"categories":[30,35,36,48],"tags":[],"aioseo_notices":[],"_links":{"self":[{"href":"https:\/\/expressaoms.com.br\/index.php\/wp-json\/wp\/v2\/posts\/9112"}],"collection":[{"href":"https:\/\/expressaoms.com.br\/index.php\/wp-json\/wp\/v2\/posts"}],"about":[{"href":"https:\/\/expressaoms.com.br\/index.php\/wp-json\/wp\/v2\/types\/post"}],"author":[{"embeddable":true,"href":"https:\/\/expressaoms.com.br\/index.php\/wp-json\/wp\/v2\/users\/2"}],"replies":[{"embeddable":true,"href":"https:\/\/expressaoms.com.br\/index.php\/wp-json\/wp\/v2\/comments?post=9112"}],"version-history":[{"count":1,"href":"https:\/\/expressaoms.com.br\/index.php\/wp-json\/wp\/v2\/posts\/9112\/revisions"}],"predecessor-version":[{"id":9114,"href":"https:\/\/expressaoms.com.br\/index.php\/wp-json\/wp\/v2\/posts\/9112\/revisions\/9114"}],"wp:featuredmedia":[{"embeddable":true,"href":"https:\/\/expressaoms.com.br\/index.php\/wp-json\/wp\/v2\/media\/9113"}],"wp:attachment":[{"href":"https:\/\/expressaoms.com.br\/index.php\/wp-json\/wp\/v2\/media?parent=9112"}],"wp:term":[{"taxonomy":"category","embeddable":true,"href":"https:\/\/expressaoms.com.br\/index.php\/wp-json\/wp\/v2\/categories?post=9112"},{"taxonomy":"post_tag","embeddable":true,"href":"https:\/\/expressaoms.com.br\/index.php\/wp-json\/wp\/v2\/tags?post=9112"}],"curies":[{"name":"wp","href":"https:\/\/api.w.org\/{rel}","templated":true}]}}