{"id":9116,"date":"2022-06-21T08:24:16","date_gmt":"2022-06-21T11:24:16","guid":{"rendered":"https:\/\/expressaoms.com.br\/?p=9116"},"modified":"2022-06-21T08:24:16","modified_gmt":"2022-06-21T11:24:16","slug":"tres-lagoas-recebe-motoniveladora-do-governo-de-ms","status":"publish","type":"post","link":"https:\/\/expressaoms.com.br\/index.php\/2022\/06\/21\/tres-lagoas-recebe-motoniveladora-do-governo-de-ms\/","title":{"rendered":"Tr\u00eas Lagoas recebe motoniveladora do Governo de MS"},"content":{"rendered":"<p data-raofz=\"16\">O Prefeito Angelo Guerreiro, acompanhado do Secret\u00e1rio Municipal de Infraestrutura, Transporte e Tr\u00e2nsito, Osmar Dias, juntamente do Vereador e Presidente da C\u00e2mara, Cassiano Maia, participaram na manh\u00e3 desta segunda-feira (20) da cerim\u00f4nia de entrega de maquin\u00e1rios agr\u00edcolas realizada pelo Governo do Estado.<\/p>\n<p data-raofz=\"16\"><img fetchpriority=\"high\" decoding=\"async\" class=\"aligncenter size-full wp-image-9012\" src=\"https:\/\/expressaoms.com.br\/wp-content\/uploads\/2022\/06\/1170x320px_tres_lagoas.gif\" alt=\"\" width=\"1170\" height=\"320\" \/><\/p>\n<p data-raofz=\"16\">Tr\u00eas Lagoas recebeu uma motoniveladora que ser\u00e1 utilizada para manuten\u00e7\u00e3o e adequa\u00e7\u00e3o de estradas vicinais, assim como na conserva\u00e7\u00e3o do solo. O novo equipamento faz parte do programa Prosolo (Plano Estadual de Manejo e Conserva\u00e7\u00e3o de Solo e \u00c1gua), da Semagro (Secretaria de Estado da Produ\u00e7\u00e3o, Meio Ambiente, Desenvolvimento Sustent\u00e1vel e Agricultura Familiar).<\/p>\n<p data-raofz=\"16\"><img decoding=\"async\" class=\"aligncenter size-full wp-image-9110\" src=\"https:\/\/expressaoms.com.br\/wp-content\/uploads\/2022\/06\/Site_Expressao_MS_Brasilandia_Vacina_728_x_90.jpg\" alt=\"\" width=\"728\" height=\"90\" srcset=\"https:\/\/expressaoms.com.br\/wp-content\/uploads\/2022\/06\/Site_Expressao_MS_Brasilandia_Vacina_728_x_90.jpg 728w, https:\/\/expressaoms.com.br\/wp-content\/uploads\/2022\/06\/Site_Expressao_MS_Brasilandia_Vacina_728_x_90-600x74.jpg 600w, https:\/\/expressaoms.com.br\/wp-content\/uploads\/2022\/06\/Site_Expressao_MS_Brasilandia_Vacina_728_x_90-300x37.jpg 300w\" sizes=\"(max-width: 728px) 100vw, 728px\" \/><\/p>\n<p data-raofz=\"16\">O Prefeito Angelo Guerreiro agradeceu ao Governador Reinaldo Azambuja, por seu olhar municipalista que est\u00e1 levando avan\u00e7os para as cidades de Mato Grosso do Sul.<\/p>\n","protected":false},"excerpt":{"rendered":"<p>O Prefeito Angelo Guerreiro, acompanhado do Secret\u00e1rio Municipal de Infraestrutura, Transporte e Tr\u00e2nsito, Osmar Dias, juntamente do Vereador e Presidente da C\u00e2mara, Cassiano Maia, participaram na manh\u00e3 desta segunda-feira (20) da cerim\u00f4nia de entrega de maquin\u00e1rios agr\u00edcolas realizada pelo Governo do Estado. Tr\u00eas Lagoas recebeu uma motoniveladora que ser\u00e1 utilizada para manuten\u00e7\u00e3o e adequa\u00e7\u00e3o de [&hellip;]<\/p>\n","protected":false},"author":2,"featured_media":9117,"comment_status":"open","ping_status":"open","sticky":false,"template":"","format":"standard","meta":{"om_disable_all_campaigns":false,"_monsterinsights_skip_tracking":false,"_monsterinsights_sitenote_active":false,"_monsterinsights_sitenote_note":"","_monsterinsights_sitenote_category":0,"footnotes":""},"categories":[36,48],"tags":[],"aioseo_notices":[],"_links":{"self":[{"href":"https:\/\/expressaoms.com.br\/index.php\/wp-json\/wp\/v2\/posts\/9116"}],"collection":[{"href":"https:\/\/expressaoms.com.br\/index.php\/wp-json\/wp\/v2\/posts"}],"about":[{"href":"https:\/\/expressaoms.com.br\/index.php\/wp-json\/wp\/v2\/types\/post"}],"author":[{"embeddable":true,"href":"https:\/\/expressaoms.com.br\/index.php\/wp-json\/wp\/v2\/users\/2"}],"replies":[{"embeddable":true,"href":"https:\/\/expressaoms.com.br\/index.php\/wp-json\/wp\/v2\/comments?post=9116"}],"version-history":[{"count":2,"href":"https:\/\/expressaoms.com.br\/index.php\/wp-json\/wp\/v2\/posts\/9116\/revisions"}],"predecessor-version":[{"id":9291,"href":"https:\/\/expressaoms.com.br\/index.php\/wp-json\/wp\/v2\/posts\/9116\/revisions\/9291"}],"wp:featuredmedia":[{"embeddable":true,"href":"https:\/\/expressaoms.com.br\/index.php\/wp-json\/wp\/v2\/media\/9117"}],"wp:attachment":[{"href":"https:\/\/expressaoms.com.br\/index.php\/wp-json\/wp\/v2\/media?parent=9116"}],"wp:term":[{"taxonomy":"category","embeddable":true,"href":"https:\/\/expressaoms.com.br\/index.php\/wp-json\/wp\/v2\/categories?post=9116"},{"taxonomy":"post_tag","embeddable":true,"href":"https:\/\/expressaoms.com.br\/index.php\/wp-json\/wp\/v2\/tags?post=9116"}],"curies":[{"name":"wp","href":"https:\/\/api.w.org\/{rel}","templated":true}]}}