{"id":9130,"date":"2022-06-21T14:50:56","date_gmt":"2022-06-21T17:50:56","guid":{"rendered":"https:\/\/expressaoms.com.br\/?p=9130"},"modified":"2022-06-27T15:14:34","modified_gmt":"2022-06-27T18:14:34","slug":"brasilandia-cria-sala-de-apoio-pedagogico-para-combate-a-defasagem-educacional-registrada-durante-a-pandemia","status":"publish","type":"post","link":"https:\/\/expressaoms.com.br\/index.php\/2022\/06\/21\/brasilandia-cria-sala-de-apoio-pedagogico-para-combate-a-defasagem-educacional-registrada-durante-a-pandemia\/","title":{"rendered":"Brasil\u00e2ndia cria Sala de Apoio Pedag\u00f3gico para combate \u00e0 defasagem educacional registrada durante a Pandemia"},"content":{"rendered":"<p>No intuito de diminuir a defasagem educacional que afetou principalmente os estudantes das escolas p\u00fablicas ao longo da Pandemia, o Munic\u00edpio de Brasil\u00e2ndia criou desde o dia 30 de maio a Sala de Apoio Pedag\u00f3gico.<\/p>\n<p>De acordo com a Secretaria Municipal de Educa\u00e7\u00e3o, a Sala de Recurso foi criada para atender exclusivamente os alunos com defasagem de aprendizagem e em especial, estudantes com transtorno de neurodesenvolvimento.<\/p>\n<p>\u201cColocamos \u00e0 disposi\u00e7\u00e3o nas tr\u00eas escolas da cidade e todas v\u00e3o dar suporte aos alunos com d\u00e9ficit na aprendizagem nas disciplinas de Portugu\u00eas e Matem\u00e1tica\u201d, explicou a coordenadora pedag\u00f3gica Cristina Dami\u00e3o.<\/p>\n<p>A professora Ana Iva Brum atende na Escola Municipal Arthur Hoffig, os professores Jefferson Otoni, Vania Maria, Claudice Silva e Priscila Barboza est\u00e3o na Escola Municipal Paulo Sim\u00f5es Braga e por fim, Karen Jesus fica na Escola Municipal Antonio Henrique Filho.<\/p>\n<p>\u201cAl\u00e9m de atividades estruturadas os alunos realizam atividades diferenciadas, de forma l\u00fadica e prazerosa. O estudante que recebe atendimento passa por uma sondagem inicial com vistas a elabora\u00e7\u00e3o de um Plano de Ensino Individualizado, planejado pelo professor da sala com aprova\u00e7\u00e3o do professor regente\u201d, comentou a professora Priscila.<\/p>\n","protected":false},"excerpt":{"rendered":"<p>No intuito de diminuir a defasagem educacional que afetou principalmente os estudantes das escolas p\u00fablicas ao longo da Pandemia, o Munic\u00edpio de Brasil\u00e2ndia criou desde o dia 30 de maio a Sala de Apoio Pedag\u00f3gico. De acordo com a Secretaria Municipal de Educa\u00e7\u00e3o, a Sala de Recurso foi criada para atender exclusivamente os alunos com [&hellip;]<\/p>\n","protected":false},"author":2,"featured_media":9131,"comment_status":"open","ping_status":"open","sticky":false,"template":"","format":"standard","meta":{"om_disable_all_campaigns":false,"_monsterinsights_skip_tracking":false,"_monsterinsights_sitenote_active":false,"_monsterinsights_sitenote_note":"","_monsterinsights_sitenote_category":0,"footnotes":""},"categories":[26,193],"tags":[],"aioseo_notices":[],"_links":{"self":[{"href":"https:\/\/expressaoms.com.br\/index.php\/wp-json\/wp\/v2\/posts\/9130"}],"collection":[{"href":"https:\/\/expressaoms.com.br\/index.php\/wp-json\/wp\/v2\/posts"}],"about":[{"href":"https:\/\/expressaoms.com.br\/index.php\/wp-json\/wp\/v2\/types\/post"}],"author":[{"embeddable":true,"href":"https:\/\/expressaoms.com.br\/index.php\/wp-json\/wp\/v2\/users\/2"}],"replies":[{"embeddable":true,"href":"https:\/\/expressaoms.com.br\/index.php\/wp-json\/wp\/v2\/comments?post=9130"}],"version-history":[{"count":3,"href":"https:\/\/expressaoms.com.br\/index.php\/wp-json\/wp\/v2\/posts\/9130\/revisions"}],"predecessor-version":[{"id":9299,"href":"https:\/\/expressaoms.com.br\/index.php\/wp-json\/wp\/v2\/posts\/9130\/revisions\/9299"}],"wp:featuredmedia":[{"embeddable":true,"href":"https:\/\/expressaoms.com.br\/index.php\/wp-json\/wp\/v2\/media\/9131"}],"wp:attachment":[{"href":"https:\/\/expressaoms.com.br\/index.php\/wp-json\/wp\/v2\/media?parent=9130"}],"wp:term":[{"taxonomy":"category","embeddable":true,"href":"https:\/\/expressaoms.com.br\/index.php\/wp-json\/wp\/v2\/categories?post=9130"},{"taxonomy":"post_tag","embeddable":true,"href":"https:\/\/expressaoms.com.br\/index.php\/wp-json\/wp\/v2\/tags?post=9130"}],"curies":[{"name":"wp","href":"https:\/\/api.w.org\/{rel}","templated":true}]}}