{"id":9242,"date":"2022-06-25T06:34:57","date_gmt":"2022-06-25T09:34:57","guid":{"rendered":"https:\/\/expressaoms.com.br\/?p=9242"},"modified":"2022-06-30T09:49:04","modified_gmt":"2022-06-30T12:49:04","slug":"pavimentacao-da-ms-320-integra-rota-da-celulose-e-realiza-sonho-de-produtores","status":"publish","type":"post","link":"https:\/\/expressaoms.com.br\/index.php\/2022\/06\/25\/pavimentacao-da-ms-320-integra-rota-da-celulose-e-realiza-sonho-de-produtores\/","title":{"rendered":"Pavimenta\u00e7\u00e3o da MS-320 integra rota da celulose e realiza sonho de produtores"},"content":{"rendered":"<p data-uw-styling-context=\"true\">Na Costa Leste de Mato Grosso do Sul, a pavimenta\u00e7\u00e3o da MS-320, no trecho que liga Tr\u00eas Lagoas ao trevo Vera Cruz, na MS-377, promete integrar toda uma regi\u00e3o produtora de florestas plantadas, fortalecendo a cadeia da celulose e o sistema log\u00edstico. A obra ainda concretiza sonhos de produtores rurais que vivem e trabalham na regi\u00e3o, j\u00e1 que, depois de pavimentado, o caminho servir\u00e1 de nova rota de conex\u00e3o entre Tr\u00eas Lagoas, \u00c1gua Clara, Inoc\u00eancia, Para\u00edso das \u00c1guas e Chapad\u00e3o do Sul.<\/p>\n<p data-uw-styling-context=\"true\"><img fetchpriority=\"high\" decoding=\"async\" class=\"aligncenter size-full wp-image-9429\" src=\"https:\/\/expressaoms.com.br\/wp-content\/uploads\/2022\/06\/Site_Expressao_MS_Agua_Clara_IPTU_1170_x_150-1.gif\" alt=\"\" width=\"1170\" height=\"150\" \/><\/p>\n<p data-uw-styling-context=\"true\">A autoriza\u00e7\u00e3o para o in\u00edcio da obra na rodovia foi dada pelo governador Reinaldo Azambuja nesta semana, ap\u00f3s o an\u00fancio de que a empresa chilena Arauco vai construir em Inoc\u00eancia uma nova f\u00e1brica de celulose, a 5\u00aa de Mato Grosso do Sul, em um investimento de R$ 15 bilh\u00f5es.<\/p>\n<p data-uw-styling-context=\"true\">Segundo o governante, nesta etapa ser\u00e3o pavimentados 31,7 quil\u00f4metros da MS-320. &#8220;<span data-uw-styling-context=\"true\">As m\u00e1quinas j\u00e1 est\u00e3o aqui, come\u00e7ando a pavimenta\u00e7\u00e3o. Esse primeiro trecho recebe R$ 76 milh\u00f5es de investimentos. V<\/span>amos fazer essa rodovia completa, pois \u00e9 uma integra\u00e7\u00e3o muito importante para o escoamento do eucalipto e da produ\u00e7\u00e3o.\u00a0<span data-uw-styling-context=\"true\">Os outros (dois) trechos j\u00e1 contratamos projeto executivo tamb\u00e9m para licitar e deixar tudo isso organizado&#8221;, destacou Reinaldo Azambuja.<\/span><\/p>\n<p data-uw-styling-context=\"true\">Em Tr\u00eas Lagoas, a MS-320 inicia no entroncamento com a MS-158 e segue at\u00e9 o trevo Vera Cruz, na MS-377. Neste ponto, quem viaja pela estrada pode seguir reto por 155 quil\u00f4metros at\u00e9 Para\u00edso das \u00c1guas, virar \u00e0 esquerda e continuar por mais 85 quil\u00f4metros at\u00e9 chegar em \u00c1gua Clara ou dobrar \u00e0 direita e seguir mais 51 quil\u00f4metros at\u00e9 Inoc\u00eancia.<\/p>\n<p data-uw-styling-context=\"true\"><strong data-uw-styling-context=\"true\">Sonho de gera\u00e7\u00f5es<\/strong><\/p>\n<figure id=\"attachment_409873\" class=\"wp-caption alignleft\" data-uw-styling-context=\"true\"><figcaption class=\"wp-caption-text\" data-uw-styling-context=\"true\"><\/figcaption>Segundo a produtora rural Mara Cristina Viana Belchior, de 52 anos, o movimento de ve\u00edculos pesados em toda a regi\u00e3o \u00e9 intenso por causa do escoamento do eucalipto, mat\u00e9ria-prima da celulose fabricada na Costa Leste. &#8220;E o tr\u00e1fego na MS-320 tamb\u00e9m \u00e9 muito grande. Quando chove, os ve\u00edculos atolam e fica dif\u00edcil&#8221;, revelou. &#8220;A obra \u00e9 importante porque melhora o acesso e d\u00e1 mais seguran\u00e7a. \u00c9 um sonho&#8221;, destacou.<\/figure>\n<p data-uw-styling-context=\"true\">Mara \u00e9 uma das integrantes do\u00a0Grupo Mulheres do Agro de Tr\u00eas Lagoas (Matrel), que re\u00fane cerca de 80 produtoras rurais da cidade. Parte da associa\u00e7\u00e3o se encontrou com o governador Reinaldo Azambuja para falar sobre as melhorias na MS-320 e agradecer o in\u00edcio das obras.<\/p>\n<p data-uw-styling-context=\"true\">Selma Rosane Bento, 55, uma das mulheres da Matrel presentes no encontro, ressaltou a import\u00e2ncia do asfalto para a produ\u00e7\u00e3o rural.\u00a0<span data-uw-styling-context=\"true\">&#8220;O custo do transporte encarece na estrada de terra. Ent\u00e3o, o benef\u00edcio vai ser grande para o transporte e at\u00e9 para o emprego porque a estrada de terra traz dificuldades e o asfalto facilita o acesso, transporte e escoamento. Facilita a vida, valoriza a propriedade e traz uma s\u00e9rie de benef\u00edcios \u00e0 popula\u00e7\u00e3o e aos usu\u00e1rios da estrada&#8221;\u00a0<\/span>Para Viviane, pavimenta\u00e7\u00e3o \u00e9 sonho realiza\u00e7\u00e3o de um sonho familiar<\/p>\n<p data-uw-styling-context=\"true\">Outra produtora com fazenda na rodovia \u00e9 Viviane Jussara Zacarias, 47. Para ela, al\u00e9m dos benef\u00edcios econ\u00f4micos, a rodovia pavimentada representa a realiza\u00e7\u00e3o de um sonho de fam\u00edlia. &#8220;<span data-uw-styling-context=\"true\">Meu pai \u00e9 pecuarista daqui, j\u00e1 \u00e9 falecido, e ele dizia que nunca sairia o asfalto e que nem a neta dele iria ver. Estamos h\u00e1 muitos anos esperando. H\u00e1 25 anos pleiteando. E agora, gra\u00e7as a Deus e ao nosso governador, vamos ver esse asfalto. Estamos agradecidos e contentes com isso&#8221;, revelou ela, que tem uma filha de tr\u00eas anos.<\/span><\/p>\n<p data-uw-styling-context=\"true\">Produtor membro do Sindicato Rural de Tr\u00eas Lagoas,\u00a0Jos\u00e9 Luiz Galvani, 56, vive h\u00e1 30 anos na regi\u00e3o. Ele tamb\u00e9m tem hist\u00f3rias sobre as dificuldades enfrentadas ao longo dos anos na MS-320 e agora, com o come\u00e7o da obra de pavimenta\u00e7\u00e3o, acredita que o sonho est\u00e1 prestes a se tornar realidade, conectando sonhos das antigas com as novas gera\u00e7\u00f5es.<\/p>\n<p data-uw-styling-context=\"true\"><span data-uw-styling-context=\"true\">&#8220;Meu av\u00f4 comprou uma propriedade nessa estrada. Em 1973 n\u00f3s est\u00e1vamos andando 110 quil\u00f4metros de terra e sofrendo. Eu lembro que era menino, tinha oito anos e uma hora perguntei ao meu av\u00f4: \u2018daqui a 10 anos vou ter 18 e vou tirar a carta. Essa estrada vai estar asfaltada?\u2019. E ele disse que com certeza que a estrada estaria asfaltada. O meu pai faleceu em 2004, o meu av\u00f4 em 2008 e s\u00f3 tenho um tio vivo. E esse tio falou que n\u00e3o ir\u00edamos ver a MS-320 asfaltada. Mas ele est\u00e1 com 82 anos e vai ver sim&#8221;, contou Jos\u00e9 Luiz.<\/span><\/p>\n<p data-uw-styling-context=\"true\"><span data-uw-styling-context=\"true\">&#8220;O governador Reinaldo Azambuja nos d\u00e1 uma alegria hoje imensur\u00e1vel. O s<\/span><span data-uw-styling-context=\"true\">entimento \u00e9 de gratid\u00e3o ao governador e de esperan\u00e7a de que vai chegar os outros trechos para ligar a 320 at\u00e9 a 377&#8243;, completou o produtor.<\/span><\/p>\n","protected":false},"excerpt":{"rendered":"<p>Na Costa Leste de Mato Grosso do Sul, a pavimenta\u00e7\u00e3o da MS-320, no trecho que liga Tr\u00eas Lagoas ao trevo Vera Cruz, na MS-377, promete integrar toda uma regi\u00e3o produtora de florestas plantadas, fortalecendo a cadeia da celulose e o sistema log\u00edstico. A obra ainda concretiza sonhos de produtores rurais que vivem e trabalham na [&hellip;]<\/p>\n","protected":false},"author":2,"featured_media":9243,"comment_status":"open","ping_status":"open","sticky":false,"template":"","format":"standard","meta":{"om_disable_all_campaigns":false,"_monsterinsights_skip_tracking":false,"_monsterinsights_sitenote_active":false,"_monsterinsights_sitenote_note":"","_monsterinsights_sitenote_category":0,"footnotes":""},"categories":[30,192,193],"tags":[],"aioseo_notices":[],"_links":{"self":[{"href":"https:\/\/expressaoms.com.br\/index.php\/wp-json\/wp\/v2\/posts\/9242"}],"collection":[{"href":"https:\/\/expressaoms.com.br\/index.php\/wp-json\/wp\/v2\/posts"}],"about":[{"href":"https:\/\/expressaoms.com.br\/index.php\/wp-json\/wp\/v2\/types\/post"}],"author":[{"embeddable":true,"href":"https:\/\/expressaoms.com.br\/index.php\/wp-json\/wp\/v2\/users\/2"}],"replies":[{"embeddable":true,"href":"https:\/\/expressaoms.com.br\/index.php\/wp-json\/wp\/v2\/comments?post=9242"}],"version-history":[{"count":3,"href":"https:\/\/expressaoms.com.br\/index.php\/wp-json\/wp\/v2\/posts\/9242\/revisions"}],"predecessor-version":[{"id":9436,"href":"https:\/\/expressaoms.com.br\/index.php\/wp-json\/wp\/v2\/posts\/9242\/revisions\/9436"}],"wp:featuredmedia":[{"embeddable":true,"href":"https:\/\/expressaoms.com.br\/index.php\/wp-json\/wp\/v2\/media\/9243"}],"wp:attachment":[{"href":"https:\/\/expressaoms.com.br\/index.php\/wp-json\/wp\/v2\/media?parent=9242"}],"wp:term":[{"taxonomy":"category","embeddable":true,"href":"https:\/\/expressaoms.com.br\/index.php\/wp-json\/wp\/v2\/categories?post=9242"},{"taxonomy":"post_tag","embeddable":true,"href":"https:\/\/expressaoms.com.br\/index.php\/wp-json\/wp\/v2\/tags?post=9242"}],"curies":[{"name":"wp","href":"https:\/\/api.w.org\/{rel}","templated":true}]}}