{"id":9275,"date":"2022-06-17T11:18:06","date_gmt":"2022-06-17T14:18:06","guid":{"rendered":"https:\/\/expressaoms.com.br\/?p=9275"},"modified":"2022-06-30T09:46:34","modified_gmt":"2022-06-30T12:46:34","slug":"show-gratuito-com-a-dupla-guilherme-e-benuto-e-nesta-sexta-feira-17","status":"publish","type":"post","link":"https:\/\/expressaoms.com.br\/index.php\/2022\/06\/17\/show-gratuito-com-a-dupla-guilherme-e-benuto-e-nesta-sexta-feira-17\/","title":{"rendered":"Show gratuito com a dupla Guilherme e Benuto \u00e9 nesta sexta-feira (17)"},"content":{"rendered":"<p data-raofz=\"16\">Em comemora\u00e7\u00e3o aos 107 anos de Tr\u00eas Lagoas, a Prefeitura de Tr\u00eas Lagoas vai presentear a popula\u00e7\u00e3o com shows gratuitos no Tr\u00eas Lagoas Rodeo, que acontece dos dias 14 a 19 (ter\u00e7a-feira a domingo), no Recinto de Exposi\u00e7\u00f5es \u201cJoaquim Marques de Souza\u201d. Nesta sexta-feira (17) o primeiro show de portas abertas ser\u00e1 da dupla Guilherme e Benuto.<\/p>\n<p data-raofz=\"16\"><img fetchpriority=\"high\" decoding=\"async\" class=\"aligncenter size-full wp-image-8965\" src=\"https:\/\/expressaoms.com.br\/wp-content\/uploads\/2022\/06\/Site_Expressao_MS_Agua_Clara_IPTU_1170_x_150.gif\" alt=\"\" width=\"1170\" height=\"150\" \/><\/p>\n<p data-raofz=\"16\">\n<p data-raofz=\"16\">A dupla composta pelos irm\u00e3os Guilherme Ant\u00f4nio Artioli e Haroldo Bevenuto Machado Artioli, anteriormente integravam o grupo musical de Villa Baggage. Como um repert\u00f3rio extenso, o p\u00fablico poder\u00e1 cantar v\u00e1rias m\u00fasicas da dupla sertaneja, como \u201cPulei na Piscina\u201d, \u201cCheiro de Saudade\u201d, \u201cDeclara\u00e7\u00e3o Pro Bar, \u201cDrive In\u201d, \u201cMelhor Rol\u00ea da City,\u201d \u201cMe Desligando de Voc\u00ea\u201d, \u201cTiro de Festim\u201d, \u201cFuturo Incerto\u201d e \u201cBeijando de Olho Aberto\u201d.<\/p>\n<p data-raofz=\"16\">O segundo show gratuito, ser\u00e1 no domingo, dia (19), a dupla paranaense far\u00e1 o encerramento da festa, logo ap\u00f3s a final do rodeio, cantando, entre seus sucessos o mais conhecido, a m\u00fasica \u201cOs meninos da Pecu\u00e1ria\u201d.<\/p>\n","protected":false},"excerpt":{"rendered":"<p>Em comemora\u00e7\u00e3o aos 107 anos de Tr\u00eas Lagoas, a Prefeitura de Tr\u00eas Lagoas vai presentear a popula\u00e7\u00e3o com shows gratuitos no Tr\u00eas Lagoas Rodeo, que acontece dos dias 14 a 19 (ter\u00e7a-feira a domingo), no Recinto de Exposi\u00e7\u00f5es \u201cJoaquim Marques de Souza\u201d. Nesta sexta-feira (17) o primeiro show de portas abertas ser\u00e1 da dupla Guilherme [&hellip;]<\/p>\n","protected":false},"author":2,"featured_media":9280,"comment_status":"open","ping_status":"open","sticky":false,"template":"","format":"standard","meta":{"om_disable_all_campaigns":false,"_monsterinsights_skip_tracking":false,"_monsterinsights_sitenote_active":false,"_monsterinsights_sitenote_note":"","_monsterinsights_sitenote_category":0,"footnotes":""},"categories":[35,36,48],"tags":[],"aioseo_notices":[],"_links":{"self":[{"href":"https:\/\/expressaoms.com.br\/index.php\/wp-json\/wp\/v2\/posts\/9275"}],"collection":[{"href":"https:\/\/expressaoms.com.br\/index.php\/wp-json\/wp\/v2\/posts"}],"about":[{"href":"https:\/\/expressaoms.com.br\/index.php\/wp-json\/wp\/v2\/types\/post"}],"author":[{"embeddable":true,"href":"https:\/\/expressaoms.com.br\/index.php\/wp-json\/wp\/v2\/users\/2"}],"replies":[{"embeddable":true,"href":"https:\/\/expressaoms.com.br\/index.php\/wp-json\/wp\/v2\/comments?post=9275"}],"version-history":[{"count":3,"href":"https:\/\/expressaoms.com.br\/index.php\/wp-json\/wp\/v2\/posts\/9275\/revisions"}],"predecessor-version":[{"id":9426,"href":"https:\/\/expressaoms.com.br\/index.php\/wp-json\/wp\/v2\/posts\/9275\/revisions\/9426"}],"wp:featuredmedia":[{"embeddable":true,"href":"https:\/\/expressaoms.com.br\/index.php\/wp-json\/wp\/v2\/media\/9280"}],"wp:attachment":[{"href":"https:\/\/expressaoms.com.br\/index.php\/wp-json\/wp\/v2\/media?parent=9275"}],"wp:term":[{"taxonomy":"category","embeddable":true,"href":"https:\/\/expressaoms.com.br\/index.php\/wp-json\/wp\/v2\/categories?post=9275"},{"taxonomy":"post_tag","embeddable":true,"href":"https:\/\/expressaoms.com.br\/index.php\/wp-json\/wp\/v2\/tags?post=9275"}],"curies":[{"name":"wp","href":"https:\/\/api.w.org\/{rel}","templated":true}]}}