{"id":9279,"date":"2022-06-19T11:20:13","date_gmt":"2022-06-19T14:20:13","guid":{"rendered":"https:\/\/expressaoms.com.br\/?p=9279"},"modified":"2022-06-30T10:03:53","modified_gmt":"2022-06-30T13:03:53","slug":"encerrando-o-tres-lagoas-festival-dupla-leo-raphael-fazem-show-gratuito-neste-domingo-19","status":"publish","type":"post","link":"https:\/\/expressaoms.com.br\/index.php\/2022\/06\/19\/encerrando-o-tres-lagoas-festival-dupla-leo-raphael-fazem-show-gratuito-neste-domingo-19\/","title":{"rendered":"Encerrando o Tr\u00eas Lagoas Festival dupla Leo &#038; Raphael fazem show gratuito neste domingo (19)"},"content":{"rendered":"<p data-raofz=\"16\"><img fetchpriority=\"high\" decoding=\"async\" class=\"aligncenter size-full wp-image-9429\" src=\"https:\/\/expressaoms.com.br\/wp-content\/uploads\/2022\/06\/Site_Expressao_MS_Agua_Clara_IPTU_1170_x_150-1.gif\" alt=\"\" width=\"1170\" height=\"150\" \/><\/p>\n<p data-raofz=\"16\">\u201cOs meninos da pecu\u00e1ria\u201d, Leo &amp; Raphael estrelam o show de encerramento do Tr\u00eas Lagoas Rodeo Festival, neste domingo (19). A apresenta\u00e7\u00e3o gratuita faz parte do calend\u00e1rio de festividades do 107\u00ba anivers\u00e1rio de emancipa\u00e7\u00e3o pol\u00edtica e administrativa de Tr\u00eas Lagoas, celebrado no dia 15 de junho.<\/p>\n<p data-raofz=\"16\">A dupla formada em 2014 soma quase 2 milh\u00f5es de ouvintes mensais no Spotify, os artistas paranaenses possuem quase 300 milh\u00f5es de visualiza\u00e7\u00f5es em seu canal no YouTube \u2013 sendo mais de 21 milh\u00f5es apenas no clipe de \u201cOs Menino da Pecu\u00e1ria\u201d. Al\u00e9m desse sucesso eles j\u00e1 emplacaram \u201cSai do Mato Veiaco\u201d, que ultrapassa 40 milh\u00f5es de visualiza\u00e7\u00f5es e \u201cTchau Brigado\u201d.<\/p>\n","protected":false},"excerpt":{"rendered":"<p>\u201cOs meninos da pecu\u00e1ria\u201d, Leo &amp; Raphael estrelam o show de encerramento do Tr\u00eas Lagoas Rodeo Festival, neste domingo (19). A apresenta\u00e7\u00e3o gratuita faz parte do calend\u00e1rio de festividades do 107\u00ba anivers\u00e1rio de emancipa\u00e7\u00e3o pol\u00edtica e administrativa de Tr\u00eas Lagoas, celebrado no dia 15 de junho. A dupla formada em 2014 soma quase 2 milh\u00f5es [&hellip;]<\/p>\n","protected":false},"author":2,"featured_media":9283,"comment_status":"open","ping_status":"open","sticky":false,"template":"","format":"standard","meta":{"om_disable_all_campaigns":false,"_monsterinsights_skip_tracking":false,"_monsterinsights_sitenote_active":false,"_monsterinsights_sitenote_note":"","_monsterinsights_sitenote_category":0,"footnotes":""},"categories":[35,36,48],"tags":[],"aioseo_notices":[],"_links":{"self":[{"href":"https:\/\/expressaoms.com.br\/index.php\/wp-json\/wp\/v2\/posts\/9279"}],"collection":[{"href":"https:\/\/expressaoms.com.br\/index.php\/wp-json\/wp\/v2\/posts"}],"about":[{"href":"https:\/\/expressaoms.com.br\/index.php\/wp-json\/wp\/v2\/types\/post"}],"author":[{"embeddable":true,"href":"https:\/\/expressaoms.com.br\/index.php\/wp-json\/wp\/v2\/users\/2"}],"replies":[{"embeddable":true,"href":"https:\/\/expressaoms.com.br\/index.php\/wp-json\/wp\/v2\/comments?post=9279"}],"version-history":[{"count":5,"href":"https:\/\/expressaoms.com.br\/index.php\/wp-json\/wp\/v2\/posts\/9279\/revisions"}],"predecessor-version":[{"id":9442,"href":"https:\/\/expressaoms.com.br\/index.php\/wp-json\/wp\/v2\/posts\/9279\/revisions\/9442"}],"wp:featuredmedia":[{"embeddable":true,"href":"https:\/\/expressaoms.com.br\/index.php\/wp-json\/wp\/v2\/media\/9283"}],"wp:attachment":[{"href":"https:\/\/expressaoms.com.br\/index.php\/wp-json\/wp\/v2\/media?parent=9279"}],"wp:term":[{"taxonomy":"category","embeddable":true,"href":"https:\/\/expressaoms.com.br\/index.php\/wp-json\/wp\/v2\/categories?post=9279"},{"taxonomy":"post_tag","embeddable":true,"href":"https:\/\/expressaoms.com.br\/index.php\/wp-json\/wp\/v2\/tags?post=9279"}],"curies":[{"name":"wp","href":"https:\/\/api.w.org\/{rel}","templated":true}]}}