{"id":9899,"date":"2022-07-13T10:21:09","date_gmt":"2022-07-13T13:21:09","guid":{"rendered":"https:\/\/expressaoms.com.br\/?p=9899"},"modified":"2022-07-13T10:21:09","modified_gmt":"2022-07-13T13:21:09","slug":"ex-ministro-e-ex-secretarios-vao-depor-em-julgamento-de-reus-da-mafia-do-cancer","status":"publish","type":"post","link":"https:\/\/expressaoms.com.br\/index.php\/2022\/07\/13\/ex-ministro-e-ex-secretarios-vao-depor-em-julgamento-de-reus-da-mafia-do-cancer\/","title":{"rendered":"Ex-ministro e ex-secret\u00e1rios v\u00e3o depor em julgamento de r\u00e9us da M\u00e1fia do C\u00e2ncer"},"content":{"rendered":"<p>O ex-ministro da Sa\u00fade, Luiz Henrique Mandetta (Un\u00e3o Brasil), e dois ex-secret\u00e1rios municipais de Sa\u00fade v\u00e3o participar como testemunhas de acusa\u00e7\u00e3o do julgamento dos r\u00e9us da M\u00e1fia do C\u00e2ncer, marcado para come\u00e7ar no dia 26 de setembro deste ano. O ex-presidente do Hospital do C\u00e2ncer Alfredo Abr\u00e3o, Adalberto Siufi Abr\u00e3o, vai sentar no banco dos r\u00e9us para responder pelo crime de peculato.<\/p>\n<p>Em despacho publicado nesta ter\u00e7a-feira (12), a ju\u00edza May Melke Amaral Penteado Siravegna, da 4\u00aa Vara Criminal de Campo Grande, negou pedido dos advogados para rejeitar a den\u00fancia feita pelo Minist\u00e9rio P\u00fablico Estadual. \u201cPelo exposto, afasto as preliminares aventadas pelas defesas dos acusados, cabendo as demais alega\u00e7\u00f5es, atinentes ao m\u00e9rito da presente A\u00e7\u00e3o Penal, serem analisadas ap\u00f3s a instru\u00e7\u00e3o probat\u00f3ria, por ocasi\u00e3o da senten\u00e7a\u201d, afirmou a magistrada.<\/p>\n<p>Ap\u00f3s sete anos, a\u00e7\u00e3o que cobra R$ 102,7 milh\u00f5es da M\u00e1fia do C\u00e2ncer volta \u00e0 Justi\u00e7a Estadual<br \/>\n\u201cCom isso, visando o prosseguimento do feito, por n\u00e3o vislumbrar nos autos qualquer das hip\u00f3teses do art. 397 do C\u00f3digo de Processo Penal, designo audi\u00eancia de instru\u00e7\u00e3o, em tr\u00eas dias distintos, primeiramente para oitiva das testemunhas arroladas na den\u00fancia, consignando tal necessidade de desmembramento da colheita da prova oral, ante a quantidade de testemunhas e alta complexidade dos fatos descritos na inicial acusat\u00f3ria\u201d, justificou.<\/p>\n<p>No primeiro dia, marcado para o dia 26 de setembro, a partir das 13h30, a audi\u00eancia de instru\u00e7\u00e3o e julgamento ser\u00e1 aberta pelo ex-secret\u00e1rio estadual de Sa\u00fade e ex-presidente do HC, Carlos Coimbra, e mais sete testemunhas de acusa\u00e7\u00e3o. Ele assumiu o comando da institui\u00e7\u00e3o em 2013 ap\u00f3s a deflagra\u00e7\u00e3o da Opera\u00e7\u00e3o Sangue Frio pela Pol\u00edcia Federal e o afastamento de Abr\u00e3o.<\/p>\n<p>Mandetta ser\u00e1 ouvido no segundo dia, 27, junto com mais cinco testemunhas, inclusive os ex-secret\u00e1rios municipais de Sa\u00fade, Leandro Mazina, e Ivandro Corr\u00eaa Fonseca. No dia 28, a magistrada determinou a intima\u00e7\u00e3o de mais sete testemunhas. Os r\u00e9us ser\u00e3o os \u00faltimos a serem ouvidos na a\u00e7\u00e3o penal.<\/p>\n<p>O julgamento come\u00e7ou nove anos ap\u00f3s o esc\u00e2ndalo porque as a\u00e7\u00f5es penais come\u00e7aram a tramitar na Justi\u00e7a Federal. Somente ap\u00f3s uma guerra de recursos e liminares, inclusive com bloqueios de bens, o Tribunal Regional Federal da 3\u00aa Regi\u00e3o declinou alguns processos para a Justi\u00e7a Estadual.<\/p>\n<p>Apesar de envolver o desvio de uma fortuna e de uma \u00e1rea sens\u00edvel e delicada, o tratamento de doentes com c\u00e2ncer, a maioria absoluta das den\u00fancias tramita em sigilo, inclusive essa do despacho publicado hoje.<\/p>\n<p>Conforme o trecho publicado no Di\u00e1rio Oficial, a a\u00e7\u00e3o come\u00e7ou a tramitar no ano passado e os r\u00e9us s\u00e3o o empres\u00e1rio Blener Zan, os m\u00e9dicos Adalberto Abr\u00e3o Siuf e Issamir Farias Saffar, Luiz Felpe Terrazes Mendes, entre outros.<\/p>\n<p>&nbsp;<\/p>\n<pre>Fonte: O Jacar\u00e9<\/pre>\n","protected":false},"excerpt":{"rendered":"<p>O ex-ministro da Sa\u00fade, Luiz Henrique Mandetta (Un\u00e3o Brasil), e dois ex-secret\u00e1rios municipais de Sa\u00fade v\u00e3o participar como testemunhas de acusa\u00e7\u00e3o do julgamento dos r\u00e9us da M\u00e1fia do C\u00e2ncer, marcado para come\u00e7ar no dia 26 de setembro deste ano. O ex-presidente do Hospital do C\u00e2ncer Alfredo Abr\u00e3o, Adalberto Siufi Abr\u00e3o, vai sentar no banco dos [&hellip;]<\/p>\n","protected":false},"author":3,"featured_media":9900,"comment_status":"open","ping_status":"open","sticky":false,"template":"","format":"standard","meta":{"om_disable_all_campaigns":false,"_monsterinsights_skip_tracking":false,"_monsterinsights_sitenote_active":false,"_monsterinsights_sitenote_note":"","_monsterinsights_sitenote_category":0,"footnotes":""},"categories":[27,37,42],"tags":[],"aioseo_notices":[],"_links":{"self":[{"href":"https:\/\/expressaoms.com.br\/index.php\/wp-json\/wp\/v2\/posts\/9899"}],"collection":[{"href":"https:\/\/expressaoms.com.br\/index.php\/wp-json\/wp\/v2\/posts"}],"about":[{"href":"https:\/\/expressaoms.com.br\/index.php\/wp-json\/wp\/v2\/types\/post"}],"author":[{"embeddable":true,"href":"https:\/\/expressaoms.com.br\/index.php\/wp-json\/wp\/v2\/users\/3"}],"replies":[{"embeddable":true,"href":"https:\/\/expressaoms.com.br\/index.php\/wp-json\/wp\/v2\/comments?post=9899"}],"version-history":[{"count":1,"href":"https:\/\/expressaoms.com.br\/index.php\/wp-json\/wp\/v2\/posts\/9899\/revisions"}],"predecessor-version":[{"id":9901,"href":"https:\/\/expressaoms.com.br\/index.php\/wp-json\/wp\/v2\/posts\/9899\/revisions\/9901"}],"wp:featuredmedia":[{"embeddable":true,"href":"https:\/\/expressaoms.com.br\/index.php\/wp-json\/wp\/v2\/media\/9900"}],"wp:attachment":[{"href":"https:\/\/expressaoms.com.br\/index.php\/wp-json\/wp\/v2\/media?parent=9899"}],"wp:term":[{"taxonomy":"category","embeddable":true,"href":"https:\/\/expressaoms.com.br\/index.php\/wp-json\/wp\/v2\/categories?post=9899"},{"taxonomy":"post_tag","embeddable":true,"href":"https:\/\/expressaoms.com.br\/index.php\/wp-json\/wp\/v2\/tags?post=9899"}],"curies":[{"name":"wp","href":"https:\/\/api.w.org\/{rel}","templated":true}]}}