{"id":9909,"date":"2022-07-13T11:27:26","date_gmt":"2022-07-13T14:27:26","guid":{"rendered":"https:\/\/expressaoms.com.br\/?p=9909"},"modified":"2022-07-13T11:27:26","modified_gmt":"2022-07-13T14:27:26","slug":"smas-esta-com-inscricoes-abertas-para-cursos-profissionalizantes-no-2o-semestre-de-2022","status":"publish","type":"post","link":"https:\/\/expressaoms.com.br\/index.php\/2022\/07\/13\/smas-esta-com-inscricoes-abertas-para-cursos-profissionalizantes-no-2o-semestre-de-2022\/","title":{"rendered":"SMAS est\u00e1 com inscri\u00e7\u00f5es abertas para cursos profissionalizantes no 2\u00ba semestre de 2022"},"content":{"rendered":"<p data-raofz=\"16\">A Secretaria Municipal de Assist\u00eancia Social (SMAS) est\u00e1 com inscri\u00e7\u00f5es abertas para uma s\u00e9rie de cursos profissionalizantes, com o objetivo de capacitar os jovens de Tr\u00eas Lagoas a ingressar no mercado de trabalho. Os cursos ser\u00e3o ministrados no N\u00facleo de Estudo e Capacita\u00e7\u00e3o da Assist\u00eancia Social e os interessados em participar devem realizar as inscri\u00e7\u00f5es nos Cras de refer\u00eancia do seu bairro.<\/p>\n<p data-raofz=\"16\">\nOs cursos dispon\u00edveis neste primeiro semestre s\u00e3o de embelezamento, com vagas para: Corte e Escova, Manicure e Pedicure, Design de Sobrancelha e Barbearia. Para se inscrever o interessado deve ter 16 anos ou mais e se comprometer a frequentar \u00e0s aulas que ser\u00e3o ministradas.<\/p>\n<p data-raofz=\"16\">\nNo Distrito de Arapu\u00e1, tamb\u00e9m haver\u00e1 abertura de vagas para o curso de manicure e pedicure, que ser\u00e1 ministrado no Centro Comunit\u00e1rio e o processo de inscri\u00e7\u00e3o ser\u00e1 realizado pela equipe volante do Cras Ruth, refer\u00eancia do Distrito.<br \/>\nO projeto de educa\u00e7\u00e3o profissional para os tr\u00eas-lagoenses \u00e9 uma oportunidade para aqueles que se derem a chance, terem novas op\u00e7\u00f5es para se inserir no mercado de trabalho.<\/p>\n","protected":false},"excerpt":{"rendered":"<p>A Secretaria Municipal de Assist\u00eancia Social (SMAS) est\u00e1 com inscri\u00e7\u00f5es abertas para uma s\u00e9rie de cursos profissionalizantes, com o objetivo de capacitar os jovens de Tr\u00eas Lagoas a ingressar no mercado de trabalho. Os cursos ser\u00e3o ministrados no N\u00facleo de Estudo e Capacita\u00e7\u00e3o da Assist\u00eancia Social e os interessados em participar devem realizar as inscri\u00e7\u00f5es [&hellip;]<\/p>\n","protected":false},"author":2,"featured_media":9910,"comment_status":"open","ping_status":"open","sticky":false,"template":"","format":"standard","meta":{"om_disable_all_campaigns":false,"_monsterinsights_skip_tracking":false,"_monsterinsights_sitenote_active":false,"_monsterinsights_sitenote_note":"","_monsterinsights_sitenote_category":0,"footnotes":""},"categories":[36,48],"tags":[],"aioseo_notices":[],"_links":{"self":[{"href":"https:\/\/expressaoms.com.br\/index.php\/wp-json\/wp\/v2\/posts\/9909"}],"collection":[{"href":"https:\/\/expressaoms.com.br\/index.php\/wp-json\/wp\/v2\/posts"}],"about":[{"href":"https:\/\/expressaoms.com.br\/index.php\/wp-json\/wp\/v2\/types\/post"}],"author":[{"embeddable":true,"href":"https:\/\/expressaoms.com.br\/index.php\/wp-json\/wp\/v2\/users\/2"}],"replies":[{"embeddable":true,"href":"https:\/\/expressaoms.com.br\/index.php\/wp-json\/wp\/v2\/comments?post=9909"}],"version-history":[{"count":1,"href":"https:\/\/expressaoms.com.br\/index.php\/wp-json\/wp\/v2\/posts\/9909\/revisions"}],"predecessor-version":[{"id":9911,"href":"https:\/\/expressaoms.com.br\/index.php\/wp-json\/wp\/v2\/posts\/9909\/revisions\/9911"}],"wp:featuredmedia":[{"embeddable":true,"href":"https:\/\/expressaoms.com.br\/index.php\/wp-json\/wp\/v2\/media\/9910"}],"wp:attachment":[{"href":"https:\/\/expressaoms.com.br\/index.php\/wp-json\/wp\/v2\/media?parent=9909"}],"wp:term":[{"taxonomy":"category","embeddable":true,"href":"https:\/\/expressaoms.com.br\/index.php\/wp-json\/wp\/v2\/categories?post=9909"},{"taxonomy":"post_tag","embeddable":true,"href":"https:\/\/expressaoms.com.br\/index.php\/wp-json\/wp\/v2\/tags?post=9909"}],"curies":[{"name":"wp","href":"https:\/\/api.w.org\/{rel}","templated":true}]}}