{"id":9912,"date":"2022-07-13T11:28:11","date_gmt":"2022-07-13T14:28:11","guid":{"rendered":"https:\/\/expressaoms.com.br\/?p=9912"},"modified":"2022-07-13T11:28:11","modified_gmt":"2022-07-13T14:28:11","slug":"semea-emite-alerta-sobre-queimadas-neste-periodo-de-estiagem-em-tres-lagoas","status":"publish","type":"post","link":"https:\/\/expressaoms.com.br\/index.php\/2022\/07\/13\/semea-emite-alerta-sobre-queimadas-neste-periodo-de-estiagem-em-tres-lagoas\/","title":{"rendered":"SEMEA emite alerta sobre queimadas neste per\u00edodo de estiagem em Tr\u00eas Lagoas"},"content":{"rendered":"<p data-raofz=\"16\">A regi\u00e3o de Tr\u00eas Lagoas, assim como em diversas cidades do Pa\u00eds, j\u00e1 sofre os impactos da estiagem sempre predominante entre maio e outubro. Embora ainda em \u00edndice toler\u00e1vel, o clima seco j\u00e1 reflete na vegeta\u00e7\u00e3o e aponta para um dos problemas mais recorrentes no Munic\u00edpio: queimadas.<\/p>\n<p data-raofz=\"16\">Constantemente, a Secretaria Municipal de Meio Ambiente e Agroneg\u00f3cio (SEMEA) realiza a divulga\u00e7\u00e3o de a\u00e7\u00f5es e frequentes fiscaliza\u00e7\u00f5es para coibir esta pr\u00e1tica, considerada crime ambiental.<\/p>\n<p data-raofz=\"16\">Houve uma queda no n\u00famero de den\u00fancias nos seis primeiros meses deste ano, por\u00e9m, o alerta permanece principalmente aos propriet\u00e1rios de terrenos baldios que n\u00e3o fazem a devida e obrigat\u00f3ria limpeza.<\/p>\n<p data-raofz=\"16\">\u201cA nossa equipe est\u00e1 incansavelmente atendendo \u00e0s den\u00fancias. Quando identificado, o autor recebe orienta\u00e7\u00f5es de Educa\u00e7\u00e3o Ambiental e esclarecimentos sobre a lei que define a pr\u00e1tica como crime ambiental. Em casos de reincid\u00eancia ou flagrante, lavramos a notifica\u00e7\u00e3o e, consequentemente, o cidad\u00e3o pode ser multado\u201d, explicou a diretora de Meio Ambiente, Maysa Costa.<\/p>\n<p data-raofz=\"16\">O levantamento da SEMEA mostra que de janeiro a junho de 2021 foram registradas 98 den\u00fancias. Neste ano, no mesmo per\u00edodo, houve menos den\u00fancias, 55 registras.<\/p>\n<p data-raofz=\"16\">O valor da multa \u00e9 de 100 UFIM\u2019s por cada lote incendiado. Considerando que o UFIM est\u00e1 custando R$ 5,6498, o infrator poder\u00e1 desembolsar R$ 564,98.<\/p>\n<p data-raofz=\"16\">A diretora complementa dizendo que esta conscientiza\u00e7\u00e3o s\u00f3 funciona em conjunto com a comunidade, \u201cuma vez que a popula\u00e7\u00e3o precisa colaborar denunciando, repassando a localiza\u00e7\u00e3o exata do local que est\u00e1 sendo queimado e se, poss\u00edvel, a identifica\u00e7\u00e3o do autor para que possamos reduzir cada vez mais este risco \u00e0 natureza e \u00e0 sa\u00fade humana e animal\u201d, concluiu.<\/p>\n<p data-raofz=\"16\">SERVI\u00c7O<br \/>\nPara denunciar queimadas, o telefone da SEMEA \u00e9 (67) 3929-1852 ou na Ouvidoria Geral (67) 3929-1488.<\/p>\n","protected":false},"excerpt":{"rendered":"<p>A regi\u00e3o de Tr\u00eas Lagoas, assim como em diversas cidades do Pa\u00eds, j\u00e1 sofre os impactos da estiagem sempre predominante entre maio e outubro. Embora ainda em \u00edndice toler\u00e1vel, o clima seco j\u00e1 reflete na vegeta\u00e7\u00e3o e aponta para um dos problemas mais recorrentes no Munic\u00edpio: queimadas. Constantemente, a Secretaria Municipal de Meio Ambiente e [&hellip;]<\/p>\n","protected":false},"author":2,"featured_media":9913,"comment_status":"open","ping_status":"open","sticky":false,"template":"","format":"standard","meta":{"om_disable_all_campaigns":false,"_monsterinsights_skip_tracking":false,"_monsterinsights_sitenote_active":false,"_monsterinsights_sitenote_note":"","_monsterinsights_sitenote_category":0,"footnotes":""},"categories":[36,38,48],"tags":[],"aioseo_notices":[],"_links":{"self":[{"href":"https:\/\/expressaoms.com.br\/index.php\/wp-json\/wp\/v2\/posts\/9912"}],"collection":[{"href":"https:\/\/expressaoms.com.br\/index.php\/wp-json\/wp\/v2\/posts"}],"about":[{"href":"https:\/\/expressaoms.com.br\/index.php\/wp-json\/wp\/v2\/types\/post"}],"author":[{"embeddable":true,"href":"https:\/\/expressaoms.com.br\/index.php\/wp-json\/wp\/v2\/users\/2"}],"replies":[{"embeddable":true,"href":"https:\/\/expressaoms.com.br\/index.php\/wp-json\/wp\/v2\/comments?post=9912"}],"version-history":[{"count":2,"href":"https:\/\/expressaoms.com.br\/index.php\/wp-json\/wp\/v2\/posts\/9912\/revisions"}],"predecessor-version":[{"id":9915,"href":"https:\/\/expressaoms.com.br\/index.php\/wp-json\/wp\/v2\/posts\/9912\/revisions\/9915"}],"wp:featuredmedia":[{"embeddable":true,"href":"https:\/\/expressaoms.com.br\/index.php\/wp-json\/wp\/v2\/media\/9913"}],"wp:attachment":[{"href":"https:\/\/expressaoms.com.br\/index.php\/wp-json\/wp\/v2\/media?parent=9912"}],"wp:term":[{"taxonomy":"category","embeddable":true,"href":"https:\/\/expressaoms.com.br\/index.php\/wp-json\/wp\/v2\/categories?post=9912"},{"taxonomy":"post_tag","embeddable":true,"href":"https:\/\/expressaoms.com.br\/index.php\/wp-json\/wp\/v2\/tags?post=9912"}],"curies":[{"name":"wp","href":"https:\/\/api.w.org\/{rel}","templated":true}]}}