{"id":9920,"date":"2022-07-13T11:30:44","date_gmt":"2022-07-13T14:30:44","guid":{"rendered":"https:\/\/expressaoms.com.br\/?p=9920"},"modified":"2022-07-13T11:30:44","modified_gmt":"2022-07-13T14:30:44","slug":"barracao-da-antiga-estacao-de-trem-vai-se-transformar-em-novo-ponto-central-de-onibus","status":"publish","type":"post","link":"https:\/\/expressaoms.com.br\/index.php\/2022\/07\/13\/barracao-da-antiga-estacao-de-trem-vai-se-transformar-em-novo-ponto-central-de-onibus\/","title":{"rendered":"Barrac\u00e3o da antiga esta\u00e7\u00e3o de trem vai se transformar em novo ponto central de \u00f4nibus"},"content":{"rendered":"<p data-raofz=\"16\">O centro de Tr\u00eas Lagoas, assim como diversos pontos da cidade, tamb\u00e9m est\u00e1 mudando de visual e, para dar continuidade a esta transforma\u00e7\u00e3o, uma nova obra foi iniciada pela Prefeitura de Tr\u00eas Lagoas.<\/p>\n<p data-raofz=\"16\">Se trata da readequa\u00e7\u00e3o do antigo barrac\u00e3o da Citocal, que fica na estrutura da antiga esta\u00e7\u00e3o ferrovi\u00e1ria, que ser\u00e1 transformado no novo ponto central de \u00f4nibus do transporte p\u00fablico urbano.<\/p>\n<p data-raofz=\"16\">Al\u00e9m disso, essa obra marca a reforma completa de todos as edifica\u00e7\u00f5es da antiga esta\u00e7\u00e3o ferrovi\u00e1ria pela Administra\u00e7\u00e3o P\u00fablica Municipal.<\/p>\n<p data-raofz=\"16\">De acordo com o Prefeito Angelo Guerreiro, que visitou a obra nesta semana, \u201co local vai trazer mais conforto e seguran\u00e7a para as pessoas que utilizam o transporte p\u00fablico, bem como melhor organizar o embarque e desembarque.\u201d<\/p>\n","protected":false},"excerpt":{"rendered":"<p>O centro de Tr\u00eas Lagoas, assim como diversos pontos da cidade, tamb\u00e9m est\u00e1 mudando de visual e, para dar continuidade a esta transforma\u00e7\u00e3o, uma nova obra foi iniciada pela Prefeitura de Tr\u00eas Lagoas. Se trata da readequa\u00e7\u00e3o do antigo barrac\u00e3o da Citocal, que fica na estrutura da antiga esta\u00e7\u00e3o ferrovi\u00e1ria, que ser\u00e1 transformado no novo [&hellip;]<\/p>\n","protected":false},"author":2,"featured_media":9921,"comment_status":"open","ping_status":"open","sticky":false,"template":"","format":"standard","meta":{"om_disable_all_campaigns":false,"_monsterinsights_skip_tracking":false,"_monsterinsights_sitenote_active":false,"_monsterinsights_sitenote_note":"","_monsterinsights_sitenote_category":0,"footnotes":""},"categories":[30,36,192,48],"tags":[],"aioseo_notices":[],"_links":{"self":[{"href":"https:\/\/expressaoms.com.br\/index.php\/wp-json\/wp\/v2\/posts\/9920"}],"collection":[{"href":"https:\/\/expressaoms.com.br\/index.php\/wp-json\/wp\/v2\/posts"}],"about":[{"href":"https:\/\/expressaoms.com.br\/index.php\/wp-json\/wp\/v2\/types\/post"}],"author":[{"embeddable":true,"href":"https:\/\/expressaoms.com.br\/index.php\/wp-json\/wp\/v2\/users\/2"}],"replies":[{"embeddable":true,"href":"https:\/\/expressaoms.com.br\/index.php\/wp-json\/wp\/v2\/comments?post=9920"}],"version-history":[{"count":1,"href":"https:\/\/expressaoms.com.br\/index.php\/wp-json\/wp\/v2\/posts\/9920\/revisions"}],"predecessor-version":[{"id":9922,"href":"https:\/\/expressaoms.com.br\/index.php\/wp-json\/wp\/v2\/posts\/9920\/revisions\/9922"}],"wp:featuredmedia":[{"embeddable":true,"href":"https:\/\/expressaoms.com.br\/index.php\/wp-json\/wp\/v2\/media\/9921"}],"wp:attachment":[{"href":"https:\/\/expressaoms.com.br\/index.php\/wp-json\/wp\/v2\/media?parent=9920"}],"wp:term":[{"taxonomy":"category","embeddable":true,"href":"https:\/\/expressaoms.com.br\/index.php\/wp-json\/wp\/v2\/categories?post=9920"},{"taxonomy":"post_tag","embeddable":true,"href":"https:\/\/expressaoms.com.br\/index.php\/wp-json\/wp\/v2\/tags?post=9920"}],"curies":[{"name":"wp","href":"https:\/\/api.w.org\/{rel}","templated":true}]}}