{"id":9952,"date":"2022-07-15T13:07:27","date_gmt":"2022-07-15T16:07:27","guid":{"rendered":"https:\/\/expressaoms.com.br\/?p=9952"},"modified":"2022-08-01T12:12:13","modified_gmt":"2022-08-01T15:12:13","slug":"brasilandia-realizara-mais-acoes-de-fortalecimento-da-agricultura-familiar","status":"publish","type":"post","link":"https:\/\/expressaoms.com.br\/index.php\/2022\/07\/15\/brasilandia-realizara-mais-acoes-de-fortalecimento-da-agricultura-familiar\/","title":{"rendered":"Brasil\u00e2ndia realizar\u00e1 mais a\u00e7\u00f5es de fortalecimento da Agricultura Familiar"},"content":{"rendered":"<p>No pr\u00f3ximo dia 25 de julho ser\u00e1 o Dia Mundial da Agricultura Familiar, sendo esta um dos grandes potenciais de gera\u00e7\u00e3o de renda em Brasil\u00e2ndia. Durante a live semanal realizada na \u00faltima ter\u00e7a-feira (12), o prefeito Dr. Antonio Thiago informou que a Prefeitura por meio da Secretaria Municipal de Desenvolvimento Econ\u00f4mico est\u00e1 em processo de cria\u00e7\u00e3o de um Programa Municipal de Fortalecimento da Agricultura Familiar.<\/p>\n<p>Segundo o prefeito, uma das a\u00e7\u00f5es ser\u00e1 na qualifica\u00e7\u00e3o do agricultor familiar atrav\u00e9s do novo Empretec Agro. Brasil\u00e2ndia ser\u00e1 o primeiro munic\u00edpio do Estado de Mato Grosso do Sul para aderir a este novo semin\u00e1rio voltado exclusivamente aos pequenos agricultores.<\/p>\n<p>A apresenta\u00e7\u00e3o deste novo projeto foi realizada na \u00faltima quinta-feira (7), pelo t\u00e9cnico do Sebrae, Francisco J\u00fanior, na qual mostrou as a\u00e7\u00f5es j\u00e1 realizadas no Estado de Santa Catarina.<\/p>\n<p>\u201cPrimeiro, Brasil\u00e2ndia vai receber a visita de agricultores de Santa Catarina e ap\u00f3s o empretec, nossos agricultores v\u00e3o para l\u00e1 para conhecer a produ\u00e7\u00e3o. Essa a\u00e7\u00e3o vai possibilitar a troca de ideias\u201d, disse.<\/p>\n<p>O prefeito ressaltou que outras a\u00e7\u00f5es em parceria com Confedera\u00e7\u00e3o Nacional da Agricultura Familiar para o melhoramento gen\u00e9tico de vacas leiteiras e em outras iniciativas de \u00e2mbito estadual e federal.<\/p>\n<p>Brasil\u00e2ndia tem hoje seis Assentamentos Rurais e com incentivo do Munic\u00edpio, os agricultores podem comercializar seus produtos para o Poder P\u00fablico e tamb\u00e9m para o com\u00e9rcio local.<\/p>\n","protected":false},"excerpt":{"rendered":"<p>No pr\u00f3ximo dia 25 de julho ser\u00e1 o Dia Mundial da Agricultura Familiar, sendo esta um dos grandes potenciais de gera\u00e7\u00e3o de renda em Brasil\u00e2ndia. Durante a live semanal realizada na \u00faltima ter\u00e7a-feira (12), o prefeito Dr. Antonio Thiago informou que a Prefeitura por meio da Secretaria Municipal de Desenvolvimento Econ\u00f4mico est\u00e1 em processo de [&hellip;]<\/p>\n","protected":false},"author":2,"featured_media":9953,"comment_status":"open","ping_status":"open","sticky":false,"template":"","format":"standard","meta":{"om_disable_all_campaigns":false,"_monsterinsights_skip_tracking":false,"_monsterinsights_sitenote_active":false,"_monsterinsights_sitenote_note":"","_monsterinsights_sitenote_category":0,"footnotes":""},"categories":[26,193],"tags":[],"aioseo_notices":[],"_links":{"self":[{"href":"https:\/\/expressaoms.com.br\/index.php\/wp-json\/wp\/v2\/posts\/9952"}],"collection":[{"href":"https:\/\/expressaoms.com.br\/index.php\/wp-json\/wp\/v2\/posts"}],"about":[{"href":"https:\/\/expressaoms.com.br\/index.php\/wp-json\/wp\/v2\/types\/post"}],"author":[{"embeddable":true,"href":"https:\/\/expressaoms.com.br\/index.php\/wp-json\/wp\/v2\/users\/2"}],"replies":[{"embeddable":true,"href":"https:\/\/expressaoms.com.br\/index.php\/wp-json\/wp\/v2\/comments?post=9952"}],"version-history":[{"count":1,"href":"https:\/\/expressaoms.com.br\/index.php\/wp-json\/wp\/v2\/posts\/9952\/revisions"}],"predecessor-version":[{"id":9954,"href":"https:\/\/expressaoms.com.br\/index.php\/wp-json\/wp\/v2\/posts\/9952\/revisions\/9954"}],"wp:featuredmedia":[{"embeddable":true,"href":"https:\/\/expressaoms.com.br\/index.php\/wp-json\/wp\/v2\/media\/9953"}],"wp:attachment":[{"href":"https:\/\/expressaoms.com.br\/index.php\/wp-json\/wp\/v2\/media?parent=9952"}],"wp:term":[{"taxonomy":"category","embeddable":true,"href":"https:\/\/expressaoms.com.br\/index.php\/wp-json\/wp\/v2\/categories?post=9952"},{"taxonomy":"post_tag","embeddable":true,"href":"https:\/\/expressaoms.com.br\/index.php\/wp-json\/wp\/v2\/tags?post=9952"}],"curies":[{"name":"wp","href":"https:\/\/api.w.org\/{rel}","templated":true}]}}