{"id":9980,"date":"2022-07-15T11:00:47","date_gmt":"2022-07-15T14:00:47","guid":{"rendered":"https:\/\/expressaoms.com.br\/?p=9980"},"modified":"2022-07-15T11:00:47","modified_gmt":"2022-07-15T14:00:47","slug":"acompanhando-o-cenario-nacional-secretaria-de-saude-mantem-o-alerta-sobre-risco-de-desabastecimento","status":"publish","type":"post","link":"https:\/\/expressaoms.com.br\/index.php\/2022\/07\/15\/acompanhando-o-cenario-nacional-secretaria-de-saude-mantem-o-alerta-sobre-risco-de-desabastecimento\/","title":{"rendered":"Acompanhando o cen\u00e1rio nacional, Secretaria de Sa\u00fade mant\u00e9m o alerta sobre risco de desabastecimento"},"content":{"rendered":"<p>Ocitocina, amicacina, atropina, neostigmina e dipirona, analg\u00e9sico anti-inflamat\u00f3rio s\u00e3o alguns dos rem\u00e9dios em falta nos estabelecimentos hospitalares e farmac\u00eauticos do pa\u00eds, segundo as institui\u00e7\u00f5es do setor. Por enquanto, apesar do atual cen\u00e1rio nacional, Tr\u00eas Lagoas est\u00e1 em uma situa\u00e7\u00e3o mais \u201cconfort\u00e1vel\u201d, segundo informou a secret\u00e1ria Municipal de Sa\u00fade (SMS), Elaine Furio.<\/p>\n<p>Entretanto, a SMS alerta que pode haver, futuramente, falta de medicamentos na Rede Municipal de Sa\u00fade, pois os vencedores da licita\u00e7\u00e3o est\u00e3o pedindo desclassifica\u00e7\u00e3o de alguns itens adquiridos por n\u00e3o ter o produto, e outros por serem fornecidos pela esfera federal.<\/p>\n<p>Elaine explica que os medicamentos s\u00e3o classificados como pactuados, que s\u00e3o aqueles que o Munic\u00edpio compra diretamente, e os n\u00e3o-pactuados, que vem direto do Minist\u00e9rio da Sa\u00fade.<\/p>\n<p>\u201cGeralmente os medicamentos n\u00e3o-pactuados (esfera federal) s\u00e3o os primeiros a faltar. Mas, neste momento, ainda estamos em uma situa\u00e7\u00e3o mais confort\u00e1vel comparado a outras cidades\u201d explicou a secret\u00e1ria da pasta.<\/p>\n<p>Entre os medicamentos que ainda n\u00e3o foram adquiridos, por conta da falta no mercado farmac\u00eautico em geral, est\u00e3o a amoxicilina e clavulanato, mas h\u00e1 estoque na Rede Municipal de Sa\u00fade.<\/p>\n<p>A Azitromicina foi adquirida pela SMS, mas o vencedor pediu desclassifica\u00e7\u00e3o, e h\u00e1 possibilidade do segundo e terceiro colocados n\u00e3o aderirem ao certame, por conta da alta nos pre\u00e7os.<\/p>\n<p>Em rela\u00e7\u00e3o ao Dipirona, outro medicamento escasso em diversas cidades, Tr\u00eas Lagoas tem em estoque e efetuou nova compra, aguarda agora receber o item do fornecedor.<\/p>\n<p>De acordo com a Associa\u00e7\u00e3o Brasileira da Ind\u00fastria de Insumos Farmac\u00eauticos (Abiquifi), entre os motivos da escassez de rem\u00e9dios est\u00e1 o atual cen\u00e1rio pand\u00eamico e geopol\u00edtico mundial, com a guerra na Ucr\u00e2nia e o lockdown na China, que t\u00eam prejudicado a importa\u00e7\u00e3o de insumos farmac\u00eauticos ativos (IFAs).<\/p>\n<p>O aumento do d\u00f3lar, do combust\u00edvel e da energia, que elevaram o pre\u00e7o da mat\u00e9ria-prima, tamb\u00e9m impactam no fornecimento de produtos.<\/p>\n","protected":false},"excerpt":{"rendered":"<p>Ocitocina, amicacina, atropina, neostigmina e dipirona, analg\u00e9sico anti-inflamat\u00f3rio s\u00e3o alguns dos rem\u00e9dios em falta nos estabelecimentos hospitalares e farmac\u00eauticos do pa\u00eds, segundo as institui\u00e7\u00f5es do setor. Por enquanto, apesar do atual cen\u00e1rio nacional, Tr\u00eas Lagoas est\u00e1 em uma situa\u00e7\u00e3o mais \u201cconfort\u00e1vel\u201d, segundo informou a secret\u00e1ria Municipal de Sa\u00fade (SMS), Elaine Furio. Entretanto, a SMS alerta [&hellip;]<\/p>\n","protected":false},"author":2,"featured_media":9981,"comment_status":"open","ping_status":"open","sticky":false,"template":"","format":"standard","meta":{"om_disable_all_campaigns":false,"_monsterinsights_skip_tracking":false,"_monsterinsights_sitenote_active":false,"_monsterinsights_sitenote_note":"","_monsterinsights_sitenote_category":0,"footnotes":""},"categories":[30,44,48],"tags":[],"aioseo_notices":[],"_links":{"self":[{"href":"https:\/\/expressaoms.com.br\/index.php\/wp-json\/wp\/v2\/posts\/9980"}],"collection":[{"href":"https:\/\/expressaoms.com.br\/index.php\/wp-json\/wp\/v2\/posts"}],"about":[{"href":"https:\/\/expressaoms.com.br\/index.php\/wp-json\/wp\/v2\/types\/post"}],"author":[{"embeddable":true,"href":"https:\/\/expressaoms.com.br\/index.php\/wp-json\/wp\/v2\/users\/2"}],"replies":[{"embeddable":true,"href":"https:\/\/expressaoms.com.br\/index.php\/wp-json\/wp\/v2\/comments?post=9980"}],"version-history":[{"count":1,"href":"https:\/\/expressaoms.com.br\/index.php\/wp-json\/wp\/v2\/posts\/9980\/revisions"}],"predecessor-version":[{"id":9982,"href":"https:\/\/expressaoms.com.br\/index.php\/wp-json\/wp\/v2\/posts\/9980\/revisions\/9982"}],"wp:featuredmedia":[{"embeddable":true,"href":"https:\/\/expressaoms.com.br\/index.php\/wp-json\/wp\/v2\/media\/9981"}],"wp:attachment":[{"href":"https:\/\/expressaoms.com.br\/index.php\/wp-json\/wp\/v2\/media?parent=9980"}],"wp:term":[{"taxonomy":"category","embeddable":true,"href":"https:\/\/expressaoms.com.br\/index.php\/wp-json\/wp\/v2\/categories?post=9980"},{"taxonomy":"post_tag","embeddable":true,"href":"https:\/\/expressaoms.com.br\/index.php\/wp-json\/wp\/v2\/tags?post=9980"}],"curies":[{"name":"wp","href":"https:\/\/api.w.org\/{rel}","templated":true}]}}