{"id":9991,"date":"2022-07-15T09:16:22","date_gmt":"2022-07-15T12:16:22","guid":{"rendered":"https:\/\/expressaoms.com.br\/?p=9991"},"modified":"2022-07-15T12:21:20","modified_gmt":"2022-07-15T15:21:20","slug":"policial-militar-mata-seis-familiares-e-outras-duas-pessoas-e-depois-se-mata-diz-pm","status":"publish","type":"post","link":"https:\/\/expressaoms.com.br\/index.php\/2022\/07\/15\/policial-militar-mata-seis-familiares-e-outras-duas-pessoas-e-depois-se-mata-diz-pm\/","title":{"rendered":"Policial militar mata seis familiares e outras duas pessoas e depois se mata, diz PM"},"content":{"rendered":"<p>Um policial militar matou oito pessoas, sendo seis da fam\u00edlia dele, em Toledo e C\u00e9u Azul, cidades da regi\u00e3o oeste do Paran\u00e1, durante a noite de quinta-feira (14). As informa\u00e7\u00f5es foram confirmadas pela Pol\u00edcia Civil e pela Pol\u00edcia Militar (PM). Entre as v\u00edtimas est\u00e3o tr\u00eas crian\u00e7as e um adolescente.<\/p>\n<p>A Pol\u00edcia Militar informou que entre os mortos est\u00e3o dois filhos do agente, uma enteada, a esposa, a m\u00e3e dele, um irm\u00e3o e outras duas pessoas desconhecidas que estavam na rua. Ap\u00f3s matar as oito pessoas, Fabiano J\u00fanior Garcia (foto com a fam\u00edlia), de 37 anos, se matou.<\/p>\n<p>O policial militar trabalhava no 19\u00ba Batalh\u00e3o de Pol\u00edcia Militar de Toledo e estava h\u00e1 12 anos na corpora\u00e7\u00e3o. A PM disse que o agente trabalhou normalmente na quinta-feira e deixou o plant\u00e3o por volta das 19h.<\/p>\n<p>A PM acredita que, ainda em Toledo, o homem tenha matado a esposa e a enteada de 12 anos. Depois, foi at\u00e9 a casa da m\u00e3e dele, onde a matou com facadas. O irm\u00e3o dele tamb\u00e9m foi morto, mas com disparos de arma de fogo.<\/p>\n<p>Em seguida, a suspeita \u00e9 que ele tenha se dirigido para C\u00e9u Azul, onde matou os dois filhos que moravam com a av\u00f3 materna. As v\u00edtimas foram baleadas.<\/p>\n<p>Depois, conforme a pol\u00edcia, o homem retornou para Toledo, onde tirou a vida de dois jovens aleat\u00f3rios que estavam passando pela regi\u00e3o, de 17 e 19 anos.<\/p>\n<p>Por fim, o policial tirou a pr\u00f3pria vida. O comandante-geral da Pol\u00edcia Militar, Coronel Hudson Le\u00f4ncio Teixeira, informou que o agente enviou diversas mensagens para os familiares no intervalo entre as mortes.<\/p>\n<p>O coronel disse que a Pol\u00edcia Militar tomou conhecimento dos crimes e tentou prender o agente antes que ele retornasse para Toledo para matar a m\u00e3e, o irm\u00e3o e outros dois jovens.<\/p>\n<p>&#8220;Os oficiais tentaram localiz\u00e1-lo, foi mandado refor\u00e7o para l\u00e1. Ele falou para um oficial que estava fugindo para Foz do Igua\u00e7u, o que n\u00e3o era verdade. Foi tentado de todas as formas para dar voz de pris\u00e3o a ele&#8221;, informou.<\/p>\n<p>O coronel disse ainda que o policial estava em processo de separa\u00e7\u00e3o e tinha algumas d\u00edvidas, conforme relato de colegas.<\/p>\n<p>&#8220;N\u00e3o tinha nada que desabonasse a conduta do soldado Fabiano. N\u00e3o tinha nada, era um excelente profissional. Causou estranheza, surpresa e decep\u00e7\u00e3o para todos n\u00f3s essa situa\u00e7\u00e3o. Est\u00e1 sendo aberto inqu\u00e9rito policial militar pra apurar o fato. Est\u00e1 sendo dado todo suporte psicol\u00f3gico pra fam\u00edlia frente a essa situa\u00e7\u00e3o&#8221;, afirmou.<\/p>\n<p>A arma utilizada era da Pol\u00edcia Militar do Paran\u00e1. O carro que era usado pelo agente foi apreendido e era particular. A Pol\u00edcia Civil investiga a motiva\u00e7\u00e3o das mortes.<\/p>\n<p>Por meio de nota, a Pol\u00edcia Militar lamentou o caso e disse que o policial envolvido no caso n\u00e3o tinha registros de problemas psicol\u00f3gicos.<\/p>\n<p>A PM disse que tamb\u00e9m disponibiliza atendimento psicol\u00f3gico aos policiais da regi\u00e3o. Confira a nota completa abaixo.<\/p>\n<p><strong>Nota da PM<\/strong><\/p>\n<p>&#8220;A Pol\u00edcia Militar est\u00e1 consternada e lamenta profundamente o ocorrido nas cidades de Toledo-PR e C\u00e9u Azul-PR.<\/p>\n<p>O policial militar que prestava servi\u00e7os no 19\u00ba Batalh\u00e3o em Toledo n\u00e3o tinha hist\u00f3rico de problemas psicol\u00f3gicos e atuava como motorista do Coordenador do Policiamento da Unidade.<\/p>\n<p>Desde dezembro de 2020 a regi\u00e3o conta com o apoio do programa PRUMOS, que disponibiliza atendimento psicol\u00f3gico aos militares, com profissionais contratados para atuar nas Organiza\u00e7\u00f5es Policiais Militares.&#8221;<\/p>\n<p>&nbsp;<\/p>\n<pre>Fonte: G1\r\nFoto: Reprodu\u00e7\u00e3o Facebook<\/pre>\n","protected":false},"excerpt":{"rendered":"<p>Um policial militar matou oito pessoas, sendo seis da fam\u00edlia dele, em Toledo e C\u00e9u Azul, cidades da regi\u00e3o oeste do Paran\u00e1, durante a noite de quinta-feira (14). As informa\u00e7\u00f5es foram confirmadas pela Pol\u00edcia Civil e pela Pol\u00edcia Militar (PM). Entre as v\u00edtimas est\u00e3o tr\u00eas crian\u00e7as e um adolescente. A Pol\u00edcia Militar informou que entre [&hellip;]<\/p>\n","protected":false},"author":3,"featured_media":9992,"comment_status":"open","ping_status":"open","sticky":false,"template":"","format":"standard","meta":{"om_disable_all_campaigns":false,"_monsterinsights_skip_tracking":false,"_monsterinsights_sitenote_active":false,"_monsterinsights_sitenote_note":"","_monsterinsights_sitenote_category":0,"footnotes":""},"categories":[246,30,41],"tags":[],"aioseo_notices":[],"_links":{"self":[{"href":"https:\/\/expressaoms.com.br\/index.php\/wp-json\/wp\/v2\/posts\/9991"}],"collection":[{"href":"https:\/\/expressaoms.com.br\/index.php\/wp-json\/wp\/v2\/posts"}],"about":[{"href":"https:\/\/expressaoms.com.br\/index.php\/wp-json\/wp\/v2\/types\/post"}],"author":[{"embeddable":true,"href":"https:\/\/expressaoms.com.br\/index.php\/wp-json\/wp\/v2\/users\/3"}],"replies":[{"embeddable":true,"href":"https:\/\/expressaoms.com.br\/index.php\/wp-json\/wp\/v2\/comments?post=9991"}],"version-history":[{"count":1,"href":"https:\/\/expressaoms.com.br\/index.php\/wp-json\/wp\/v2\/posts\/9991\/revisions"}],"predecessor-version":[{"id":9993,"href":"https:\/\/expressaoms.com.br\/index.php\/wp-json\/wp\/v2\/posts\/9991\/revisions\/9993"}],"wp:featuredmedia":[{"embeddable":true,"href":"https:\/\/expressaoms.com.br\/index.php\/wp-json\/wp\/v2\/media\/9992"}],"wp:attachment":[{"href":"https:\/\/expressaoms.com.br\/index.php\/wp-json\/wp\/v2\/media?parent=9991"}],"wp:term":[{"taxonomy":"category","embeddable":true,"href":"https:\/\/expressaoms.com.br\/index.php\/wp-json\/wp\/v2\/categories?post=9991"},{"taxonomy":"post_tag","embeddable":true,"href":"https:\/\/expressaoms.com.br\/index.php\/wp-json\/wp\/v2\/tags?post=9991"}],"curies":[{"name":"wp","href":"https:\/\/api.w.org\/{rel}","templated":true}]}}