{"id":9994,"date":"2022-07-15T13:13:30","date_gmt":"2022-07-15T16:13:30","guid":{"rendered":"https:\/\/expressaoms.com.br\/?p=9994"},"modified":"2022-07-15T13:13:30","modified_gmt":"2022-07-15T16:13:30","slug":"grupo-a-disputa-as-semifinais-nesta-quinta-feira-14-pelo-campeonato-municipal-de-futsal-em-tres-lagoas","status":"publish","type":"post","link":"https:\/\/expressaoms.com.br\/index.php\/2022\/07\/15\/grupo-a-disputa-as-semifinais-nesta-quinta-feira-14-pelo-campeonato-municipal-de-futsal-em-tres-lagoas\/","title":{"rendered":"Grupo A disputa as semifinais nesta quinta-feira (14) pelo Campeonato Municipal de Futsal em Tr\u00eas Lagoas"},"content":{"rendered":"<p data-raofz=\"16\">A Secretaria Municipal de Esporte, Juventude e Lazer (SEJUVEL) concluiu ontem, quarta-feira (13), as quartas de final do Campeonato Municipal de Futsal S\u00e9rie A e B 2022 e fechou o quadro das equipes que avan\u00e7am para a semifinal.<\/p>\n<p data-raofz=\"16\">Pelo Grupo B, o primeiro jogo teve o Rebucci Futebol Raiz classificado ao vencer o Juve Futsal por 4 a 2. Na sequ\u00eancia, com o empate de 2 a 2, a defini\u00e7\u00e3o foi para os p\u00eanaltis e o Mega Futsal venceu de 3 a 1 contra Europa Ferragens.<\/p>\n<p data-raofz=\"16\">Na ter\u00e7a-feira (12), Vidra\u00e7aria Marrom venceu a partida contra Atl\u00e9tico Jari por 5 a 2. Logo depois foi o Escrit\u00f3rio Bandeirantes respons\u00e1vel pelos 3 gols do jogo contra Papelaria Nikkey.<\/p>\n<p data-raofz=\"16\">Hoje, a partir das 19h30, tem a semifinal entre as equipes classificadas do Grupo A, sendo Mercado Nossa Casa X Metalfrio\/Tata Alem\u00e3o; em seguida, Nacional TL X Renyer FC.<\/p>\n<p data-raofz=\"16\">Amanh\u00e3, sexta-feira, pelo Grupo B \u00e9 a vez da Vidra\u00e7aria Marrom enfrentar Escrit\u00f3rio Bandeirantes e o Rebucci Futebol Raiz entrar em quadra contra Mega Futsal, na busca pela vaga na grande final, que acontecer\u00e1 dia 19.<br \/>\nA fase decisiva est\u00e1 acontecendo no Gin\u00e1sio Municipal \u201cCacilda Acre Rocha\u201d.<\/p>\n","protected":false},"excerpt":{"rendered":"<p>A Secretaria Municipal de Esporte, Juventude e Lazer (SEJUVEL) concluiu ontem, quarta-feira (13), as quartas de final do Campeonato Municipal de Futsal S\u00e9rie A e B 2022 e fechou o quadro das equipes que avan\u00e7am para a semifinal. Pelo Grupo B, o primeiro jogo teve o Rebucci Futebol Raiz classificado ao vencer o Juve Futsal [&hellip;]<\/p>\n","protected":false},"author":2,"featured_media":9995,"comment_status":"open","ping_status":"open","sticky":false,"template":"","format":"standard","meta":{"om_disable_all_campaigns":false,"_monsterinsights_skip_tracking":false,"_monsterinsights_sitenote_active":false,"_monsterinsights_sitenote_note":"","_monsterinsights_sitenote_category":0,"footnotes":""},"categories":[34,36,48],"tags":[],"aioseo_notices":[],"_links":{"self":[{"href":"https:\/\/expressaoms.com.br\/index.php\/wp-json\/wp\/v2\/posts\/9994"}],"collection":[{"href":"https:\/\/expressaoms.com.br\/index.php\/wp-json\/wp\/v2\/posts"}],"about":[{"href":"https:\/\/expressaoms.com.br\/index.php\/wp-json\/wp\/v2\/types\/post"}],"author":[{"embeddable":true,"href":"https:\/\/expressaoms.com.br\/index.php\/wp-json\/wp\/v2\/users\/2"}],"replies":[{"embeddable":true,"href":"https:\/\/expressaoms.com.br\/index.php\/wp-json\/wp\/v2\/comments?post=9994"}],"version-history":[{"count":1,"href":"https:\/\/expressaoms.com.br\/index.php\/wp-json\/wp\/v2\/posts\/9994\/revisions"}],"predecessor-version":[{"id":9996,"href":"https:\/\/expressaoms.com.br\/index.php\/wp-json\/wp\/v2\/posts\/9994\/revisions\/9996"}],"wp:featuredmedia":[{"embeddable":true,"href":"https:\/\/expressaoms.com.br\/index.php\/wp-json\/wp\/v2\/media\/9995"}],"wp:attachment":[{"href":"https:\/\/expressaoms.com.br\/index.php\/wp-json\/wp\/v2\/media?parent=9994"}],"wp:term":[{"taxonomy":"category","embeddable":true,"href":"https:\/\/expressaoms.com.br\/index.php\/wp-json\/wp\/v2\/categories?post=9994"},{"taxonomy":"post_tag","embeddable":true,"href":"https:\/\/expressaoms.com.br\/index.php\/wp-json\/wp\/v2\/tags?post=9994"}],"curies":[{"name":"wp","href":"https:\/\/api.w.org\/{rel}","templated":true}]}}